{"id":28386,"date":"2019-04-17T13:40:00","date_gmt":"2019-04-17T17:40:00","guid":{"rendered":"https:\/\/linitiative.ca\/International\/ministre-du-travail-trois-nouveaux-syndicats-obtiennent-leurs-recepisses\/"},"modified":"2019-04-17T13:40:00","modified_gmt":"2019-04-17T17:40:00","slug":"ministre-du-travail-trois-nouveaux-syndicats-obtiennent-leurs-recepisses","status":"publish","type":"post","link":"https:\/\/linitiative.ca\/International\/ministre-du-travail-trois-nouveaux-syndicats-obtiennent-leurs-recepisses\/","title":{"rendered":"MINISTRE DU TRAVAIL : Trois nouveaux syndicats  obtiennent leurs r\u00e9c\u00e9piss\u00e9s"},"content":{"rendered":"<p><br id=\"sep_para_1\" class=\"sep_para access\"\/><\/p>\n<div id=\"para_1\" class=\"para_30475440 resize\">\n<div class=\"texte access firstletter\">Trois nouveaux syndicats activant dans les secteurs de l\u2019Education, de la Solidarit\u00e9, du b\u00e2timent, travaux publics et hydraulique (BTPH) ont re\u00e7u, mardi au si\u00e8ge du minist\u00e8re du Travail, leurs r\u00e9c\u00e9piss\u00e9s d\u2019enregistrement. Il s\u2019agit d\u2019un syndicat national autonome des enseignants du Moyen, d\u2019un syndicat national autonome des travailleurs du secteur de la Solidarit\u00e9 nationale, de la famille et de la condition de la femme, et d\u2019une union nationale du patronat et entrepreneurs du secteur du BTPH, et ce dans le cadre de l\u2019actualisation des dossiers relatifs \u00e0 la constitution de syndicats de travailleurs et d\u2019employeurs d\u00e9pos\u00e9s aupr\u00e8s du minist\u00e8re.<\/div>\n<\/div>\n<p>Auteur: Ismain<br \/>\n<a href=\"https:\/\/www.reflexiondz.net\/MINISTRE-DU-TRAVAIL-Trois-nouveaux-syndicats-obtiennent-leurs-recepisses_a55434.html\">Cliquez ici pour lire l&rsquo;article depuis sa source.<\/a><\/p>\n","protected":false},"excerpt":{"rendered":"<p>Trois nouveaux syndicats activant dans les secteurs de l\u2019Education, de la Solidarit\u00e9, du b\u00e2timent, travaux publics et hydraulique (BTPH) ont re\u00e7u, mardi au si\u00e8ge du minist\u00e8re du Travail, leurs r\u00e9c\u00e9piss\u00e9s d\u2019enregistrement. Il s\u2019agit d\u2019un syndicat national autonome des enseignants du Moyen, d\u2019un syndicat national autonome des travailleurs du secteur de la Solidarit\u00e9 nationale, de la [&hellip;]<\/p>\n","protected":false},"author":1740,"featured_media":0,"comment_status":"closed","ping_status":"closed","sticky":false,"template":"","format":"standard","meta":{"fifu_image_url":"","fifu_image_alt":"","footnotes":""},"categories":[53,76],"tags":[],"class_list":["post-28386","post","type-post","status-publish","format-standard","hentry","category-algerie","category-regions"],"_links":{"self":[{"href":"https:\/\/linitiative.ca\/International\/wp-json\/wp\/v2\/posts\/28386","targetHints":{"allow":["GET"]}}],"collection":[{"href":"https:\/\/linitiative.ca\/International\/wp-json\/wp\/v2\/posts"}],"about":[{"href":"https:\/\/linitiative.ca\/International\/wp-json\/wp\/v2\/types\/post"}],"author":[{"embeddable":true,"href":"https:\/\/linitiative.ca\/International\/wp-json\/wp\/v2\/users\/1740"}],"replies":[{"embeddable":true,"href":"https:\/\/linitiative.ca\/International\/wp-json\/wp\/v2\/comments?post=28386"}],"version-history":[{"count":0,"href":"https:\/\/linitiative.ca\/International\/wp-json\/wp\/v2\/posts\/28386\/revisions"}],"wp:attachment":[{"href":"https:\/\/linitiative.ca\/International\/wp-json\/wp\/v2\/media?parent=28386"}],"wp:term":[{"taxonomy":"category","embeddable":true,"href":"https:\/\/linitiative.ca\/International\/wp-json\/wp\/v2\/categories?post=28386"},{"taxonomy":"post_tag","embeddable":true,"href":"https:\/\/linitiative.ca\/International\/wp-json\/wp\/v2\/tags?post=28386"}],"curies":[{"name":"wp","href":"https:\/\/api.w.org\/{rel}","templated":true}]}}