{"id":28388,"date":"2019-04-17T13:47:00","date_gmt":"2019-04-17T17:47:00","guid":{"rendered":"https:\/\/linitiative.ca\/International\/les-ministres-de-bedoui-loges-au-sheraton\/"},"modified":"2019-04-17T13:47:00","modified_gmt":"2019-04-17T17:47:00","slug":"les-ministres-de-bedoui-loges-au-sheraton","status":"publish","type":"post","link":"https:\/\/linitiative.ca\/International\/les-ministres-de-bedoui-loges-au-sheraton\/","title":{"rendered":"Les ministres de Bedoui log\u00e9s au Sheraton"},"content":{"rendered":"<p><br id=\"sep_para_1\" class=\"sep_para access\"\/><\/p>\n<div id=\"para_1\" class=\"para_30475483 resize\">\n<div class=\"texte access firstletter\">Les ministres du gouvernement Bedoui r\u00e9sident, depuis leur nomination, dans des suites VIP de l\u2019h\u00f4tel Sheraton, \u00e0 l\u2019Ouest de la Capitale. Les services du premier ministre ne se sont pas donn\u00e9 la peine de leur accorder des logements de fonction \u00e0 Moretti et au Club des pins, comme c\u2019est le cas d\u2019habitude. L\u2019information rapport\u00e9e par El Bilad pr\u00e9cise que tout le gouvernement Bedoui r\u00e9side dans des suites VIP de l\u2019h\u00f4tel Sheraton depuis leur nomination. Le journal ne l\u2019a pas explicitement traduit, mais il faut comprendre que les ministres de ce gouvernement tant d\u00e9cri\u00e9 ont pass\u00e9 plus d\u2019un mois dans l\u2019un des h\u00f4tels les plus prestigieux d\u2019Alg\u00e9rie aux frais du contribuable ! La source \u00e0 laquelle s\u2019est r\u00e9f\u00e9r\u00e9 El Bilad a expliqu\u00e9 que les autorit\u00e9s ne se sont pas encombr\u00e9es de la t\u00e2che de les loger dans les r\u00e9sidences d\u2019\u00c9tat puisque les jours de ce gouvernement sont compt\u00e9s.<\/div>\n<\/div>\n<p>Auteur: R\u00e9flexion<br \/>\n<a href=\"https:\/\/www.reflexiondz.net\/Les-ministres-de-Bedoui-loges-au-Sheraton_a55441.html\">Cliquez ici pour lire l&rsquo;article depuis sa source.<\/a><\/p>\n","protected":false},"excerpt":{"rendered":"<p>Les ministres du gouvernement Bedoui r\u00e9sident, depuis leur nomination, dans des suites VIP de l\u2019h\u00f4tel Sheraton, \u00e0 l\u2019Ouest de la Capitale. Les services du premier ministre ne se sont pas donn\u00e9 la peine de leur accorder des logements de fonction \u00e0 Moretti et au Club des pins, comme c\u2019est le cas d\u2019habitude. L\u2019information rapport\u00e9e par [&hellip;]<\/p>\n","protected":false},"author":1740,"featured_media":0,"comment_status":"closed","ping_status":"closed","sticky":false,"template":"","format":"standard","meta":{"fifu_image_url":"","fifu_image_alt":"","footnotes":""},"categories":[53,76],"tags":[],"class_list":["post-28388","post","type-post","status-publish","format-standard","hentry","category-algerie","category-regions"],"_links":{"self":[{"href":"https:\/\/linitiative.ca\/International\/wp-json\/wp\/v2\/posts\/28388","targetHints":{"allow":["GET"]}}],"collection":[{"href":"https:\/\/linitiative.ca\/International\/wp-json\/wp\/v2\/posts"}],"about":[{"href":"https:\/\/linitiative.ca\/International\/wp-json\/wp\/v2\/types\/post"}],"author":[{"embeddable":true,"href":"https:\/\/linitiative.ca\/International\/wp-json\/wp\/v2\/users\/1740"}],"replies":[{"embeddable":true,"href":"https:\/\/linitiative.ca\/International\/wp-json\/wp\/v2\/comments?post=28388"}],"version-history":[{"count":0,"href":"https:\/\/linitiative.ca\/International\/wp-json\/wp\/v2\/posts\/28388\/revisions"}],"wp:attachment":[{"href":"https:\/\/linitiative.ca\/International\/wp-json\/wp\/v2\/media?parent=28388"}],"wp:term":[{"taxonomy":"category","embeddable":true,"href":"https:\/\/linitiative.ca\/International\/wp-json\/wp\/v2\/categories?post=28388"},{"taxonomy":"post_tag","embeddable":true,"href":"https:\/\/linitiative.ca\/International\/wp-json\/wp\/v2\/tags?post=28388"}],"curies":[{"name":"wp","href":"https:\/\/api.w.org\/{rel}","templated":true}]}}