{"id":28389,"date":"2019-04-17T13:47:00","date_gmt":"2019-04-17T17:47:00","guid":{"rendered":"https:\/\/linitiative.ca\/International\/un-milliard-deuros-de-dons-pour-notre-dame-de-paris-mais-combien-pour-les-pauvres-de-la-france\/"},"modified":"2019-04-17T13:47:00","modified_gmt":"2019-04-17T17:47:00","slug":"un-milliard-deuros-de-dons-pour-notre-dame-de-paris-mais-combien-pour-les-pauvres-de-la-france","status":"publish","type":"post","link":"https:\/\/linitiative.ca\/International\/un-milliard-deuros-de-dons-pour-notre-dame-de-paris-mais-combien-pour-les-pauvres-de-la-france\/","title":{"rendered":"UN MILLIARD D&rsquo;EUROS DE DONS POUR NOTRE-DAME DE PARIS : Mais combien pour les pauvres de la France ?"},"content":{"rendered":"<p><br id=\"sep_para_1\" class=\"sep_para access\"\/><\/p>\n<div id=\"para_1\" class=\"para_30475536 resize\">\n<div class=\"photo shadow left\"><a href=\"javascript:void(0)\" rel=\"https:\/\/www.reflexiondz.net\/photo\/art\/grande\/32797135-30475536.jpg?v=1555525245&#038;ibox\" title=\"UN MILLIARD D'EUROS DE DONS POUR NOTRE-DAME DE PARIS : Mais combien pour les pauvres de la France ?\"><img decoding=\"async\" class=\"responsive c9\" src=\"https:\/\/www.reflexiondz.net\/photo\/art\/grande\/32797135-30475536.jpg?v=1555525245\" alt=\"UN MILLIARD D'EUROS DE DONS POUR NOTRE-DAME DE PARIS : Mais combien pour les pauvres de la France ?\" title=\"UN MILLIARD D'EUROS DE DONS POUR NOTRE-DAME DE PARIS : Mais combien pour les pauvres de la France ?\"\/><img decoding=\"async\" class=\"not-responsive\" src=\"https:\/\/www.reflexiondz.net\/photo\/art\/default\/32797135-30475536.jpg?v=1555525247\" alt=\"UN MILLIARD D'EUROS DE DONS POUR NOTRE-DAME DE PARIS : Mais combien pour les pauvres de la France ?\" title=\"UN MILLIARD D'EUROS DE DONS POUR NOTRE-DAME DE PARIS : Mais combien pour les pauvres de la France ?\"\/><\/a><\/div>\n<div class=\"texte access firstletter\">En moins de 48 heures apr\u00e8s l\u2019incendie qui a ravag\u00e9 une partie de la cath\u00e9drale de Notre-Dame de Paris, les dons ont atteint un milliard d\u2019euros, dont pr\u00e8s des deux tiers sont issus de grandes entreprises ou de grandes fortunes. Sur les r\u00e9seaux sociaux, d\u00e9filent beaucoup de critiques \u00e0 l\u2019\u00e9gard des donateurs de Notre-Dame, qui selon eux, ils ne se mobilisent pas autant contre la pauvret\u00e9, comme ils se sont mobilis\u00e9s pour la reconstruction de la cath\u00e9drale. Quelle est la part de ce montant destin\u00e9e au secteur de la \u00abpauvret\u00e9\u00bb ? En effet les dons d\u00e9ductibles de l\u2019imp\u00f4t sur le revenu et de l\u2019ISF \u00e0 destination des \u00abpersonnes en difficult\u00e9\u00bb repr\u00e9sentaient seulement 451 millions d\u2019euros en 2015.<br \/>La France compte Neuf millions de pauvres. La solidarit\u00e9 en panne. Le niveau de vie de l\u2019ensemble de la population r\u00e9sidant en France a diminu\u00e9 au cours de sept ann\u00e9es cons\u00e9cutives. Cela n\u2019emp\u00eache \u00e9videmment pas que certains aient pu tirer leur \u00e9pingle du jeu, mais toutes les cat\u00e9gories sociales ont connu une d\u00e9gradation plus ou moins accentu\u00e9e de leur pouvoir d\u2019achat. En France, 1 enfant sur 5 est pauvre. La crise \u00e9conomique ne cesse de creuser les in\u00e9galit\u00e9s en France et fragilise les familles. Selon une \u00e9tude de l\u2019Insee, 14,1 % des Fran\u00e7ais vivent aujourd\u2019hui sous le seuil de pauvret\u00e9, avec environ 964 \u20ac par mois (60 % du revenu m\u00e9dian) et on assiste \u00e0 une augmentation pr\u00e9occupante du taux de grande pauvret\u00e9. C\u2019est les raisons pour lesquelles, les gilets jaunes manifestent !<\/div>\n<\/div>\n<p>Auteur: Ismain<br \/>\n<a href=\"https:\/\/www.reflexiondz.net\/UN-MILLIARD-D-EUROS-DE-DONS-POUR-NOTRE-DAME-DE-PARIS-Mais-combien-pour-les-pauvres-de-la-France_a55442.html\">Cliquez ici pour lire l&rsquo;article depuis sa source.<\/a><\/p>\n","protected":false},"excerpt":{"rendered":"<p>En moins de 48 heures apr\u00e8s l\u2019incendie qui a ravag\u00e9 une partie de la cath\u00e9drale de Notre-Dame de Paris, les dons ont atteint un milliard d\u2019euros, dont pr\u00e8s des deux tiers sont issus de grandes entreprises ou de grandes fortunes. Sur les r\u00e9seaux sociaux, d\u00e9filent beaucoup de critiques \u00e0 l\u2019\u00e9gard des donateurs de Notre-Dame, qui [&hellip;]<\/p>\n","protected":false},"author":1740,"featured_media":0,"comment_status":"closed","ping_status":"closed","sticky":false,"template":"","format":"standard","meta":{"fifu_image_url":"","fifu_image_alt":"","footnotes":""},"categories":[53,76],"tags":[],"class_list":["post-28389","post","type-post","status-publish","format-standard","hentry","category-algerie","category-regions"],"_links":{"self":[{"href":"https:\/\/linitiative.ca\/International\/wp-json\/wp\/v2\/posts\/28389","targetHints":{"allow":["GET"]}}],"collection":[{"href":"https:\/\/linitiative.ca\/International\/wp-json\/wp\/v2\/posts"}],"about":[{"href":"https:\/\/linitiative.ca\/International\/wp-json\/wp\/v2\/types\/post"}],"author":[{"embeddable":true,"href":"https:\/\/linitiative.ca\/International\/wp-json\/wp\/v2\/users\/1740"}],"replies":[{"embeddable":true,"href":"https:\/\/linitiative.ca\/International\/wp-json\/wp\/v2\/comments?post=28389"}],"version-history":[{"count":0,"href":"https:\/\/linitiative.ca\/International\/wp-json\/wp\/v2\/posts\/28389\/revisions"}],"wp:attachment":[{"href":"https:\/\/linitiative.ca\/International\/wp-json\/wp\/v2\/media?parent=28389"}],"wp:term":[{"taxonomy":"category","embeddable":true,"href":"https:\/\/linitiative.ca\/International\/wp-json\/wp\/v2\/categories?post=28389"},{"taxonomy":"post_tag","embeddable":true,"href":"https:\/\/linitiative.ca\/International\/wp-json\/wp\/v2\/tags?post=28389"}],"curies":[{"name":"wp","href":"https:\/\/api.w.org\/{rel}","templated":true}]}}