{"id":28397,"date":"2019-04-17T05:30:12","date_gmt":"2019-04-17T09:30:12","guid":{"rendered":"https:\/\/linitiative.ca\/International\/grande-mobilisation-hier-a-travers-le-pays-les-etudiants-atout-maitre-de-la-protesta\/"},"modified":"2019-04-17T05:30:12","modified_gmt":"2019-04-17T09:30:12","slug":"grande-mobilisation-hier-a-travers-le-pays-les-etudiants-atout-maitre-de-la-protesta","status":"publish","type":"post","link":"https:\/\/linitiative.ca\/International\/grande-mobilisation-hier-a-travers-le-pays-les-etudiants-atout-maitre-de-la-protesta\/","title":{"rendered":"Grande mobilisation hier \u00e0 travers le pays : Les \u00e9tudiants, atout ma\u00eetre de la protesta"},"content":{"rendered":"<h4 class=\"title-14\"\/>\n<div class=\"featured_image\"><img width=\"800\" height=\"932\" data-cfsrc=\"https:\/\/www.elwatan.com\/wp-content\/uploads\/2019\/04\/etud-e1555461771390.jpeg\" class=\"attachment-post-thumbnail size-post-thumbnail wp-post-image c1\" alt=\"\"\/><noscript><\/p>\n<p><img loading=\"lazy\" decoding=\"async\" width=\"800\" height=\"932\" src=\"https:\/\/www.elwatan.com\/wp-content\/uploads\/2019\/04\/etud-e1555461771390.jpeg\" class=\"attachment-post-thumbnail size-post-thumbnail wp-post-image\" alt=\"\"\/><\/p>\n<p><\/noscript> <span class=\"featured-image-caption\">(Photo : Sami K.)<\/span><\/div>\n<p>T\u00f4t dans la matin\u00e9e d\u2019hier, les \u00e9tudiants affluaient vers Alger pour occuper les marches de la Grande-Poste, mais les policiers \u00e9taient d\u00e9j\u00e0 sur place pour les en emp\u00eacher.<\/p>\n<p>D\u00e9termin\u00e9s \u00e0 faire de cette \u00abJourn\u00e9e du savoir\u00bb celle du combat pour une nouvelle R\u00e9publique, avec comme principal slogan \u00abTroho ga\u00e2\u00bb (Vous partez tous), leur face-\u00e0-face avec l\u2019imposant dispositif policier a dur\u00e9 plus d\u2019une heure, avant que l\u2019acc\u00e8s aux marches de la Grande-Poste ne soient lib\u00e9r\u00e9s sous les youyous, les applaudissements des manifestants.<\/p>\n<p>Drapeau sur le dos, visages bariol\u00e9s aux couleurs nationales, ils scandent haut et fort et d\u2019une seule voix\u00a0: \u00abOh, viva l\u2019Alg\u00e9rie, tetnahaw g\u00e2a !\u00bb, \u00ab\u00c9tudiants en col\u00e8re, ils veulent des changements !\u00bb, \u00abAlg\u00e9rie libre et d\u00e9mocratique !\u00bb, \u00abLib\u00e9rez l\u2019Alg\u00e9rie\u00a0!\u00bb, \u00abPacifique, pacifique !\u00bb.<\/p>\n<p>De l\u2019autre c\u00f4t\u00e9 de la Grande-Poste, une immense grappe d\u2019\u00e9tudiants est retenue par un mur de policiers anti\u00e9meute, la coupant totalement du reste de la foule.<\/p>\n<p>Ils crient\u00a0: \u00abHna talaba, halou al bibane\u00a0!\u00bb (Nous sommes des \u00e9tudiants, ouvrez les portes !), en hissant de nombreuses pancartes\u00a0sur lesquelles on peut lire\u00a0:\u00a0\u00abLe syst\u00e8me n\u2019a pas \u00e0 ruser\u00bb, \u00abNi Etat islamique, ni Etat militaire, mais un Etat d\u00e9mocratique et populaire\u00bb, \u00abL\u2019Alg\u00e9rie en \u00e9tat de choc, laissez les jeunes la r\u00e9animer\u00bb, \u00abL\u2019ann\u00e9e blanche ne nous fait pas peur, apr\u00e8s les 20 ans noirs\u00bb, \u00abBen Badis pardonnez-nous, nous sommes le 16 avril et nous n\u2019avons pas encore lib\u00e9r\u00e9 le pays des enfants de Paris\u00bb, \u00abVous \u00eates un gaz toxique, l\u2019Alg\u00e9rie est en danger\u00bb, \u00abL\u2019arm\u00e9e et le peuple sont les faces d\u2019une seule pi\u00e8ce\u00bb, \u00abNous sommes la race des guerriers, ils peuvent nous tuer, mais ils ne nous feront jamais taire\u00bb. Des deux c\u00f4t\u00e9s du cordon de policiers, la masse humaine prend de plus en plus d\u2019ampleur.<\/p>\n<p>Ils chantent en m\u00eame temps\u00a0: \u00abYal policier, anta chaabi, erazk ala rabi\u00bb (Policier tu es un enfant du peuple, c\u2019est Dieu qui d\u00e9cide de ton revenu), \u00abPoliciers enlevez la casquette et venez avec nous\u00bb. Les policiers se retrouvent subitement au milieu d\u2019une mar\u00e9e humaine.<\/p>\n<p>Ils d\u00e9cident de se retirer sous les acclamations des \u00e9tudiants qui se regroupent tous au niveau de la Place de la Grande-poste avant de se diriger vers l\u2019avenue Pasteur. \u00abYa Bensalah d\u00e9gage, ya Ga\u00efd ayina mal bricolage\u00bb (Bensalah d\u00e9gage, Ga\u00efd Salah nous sommes fatigu\u00e9s du bricolage). La foule est subitement stopp\u00e9e \u00e0 l\u2019entr\u00e9e de l\u2019avenue Pasteur par un important dispositif policier.<\/p>\n<p>Il est d\u00e9j\u00e0 11h 30. Les jeunes scandent\u00a0: \u00abYa Bensalah, Bela\u00efz rah, wenta rayeh rayeh\u00bb (Bensalah, Bela\u00efz est parti et toi aussi tu partiras). La d\u00e9mission de Tayeb Bela\u00efz, pr\u00e9sident du Conseil constitutionnel a d\u00e9j\u00e0 fait le tour des \u00e9tudiants par le biais des r\u00e9seaux sociaux.<\/p>\n<p>La circulation automobile n\u2019est pas totalement bloqu\u00e9e, mais les manifestants ne veulent pas rebrousser chemin. Ils continuent \u00e0 exiger le d\u00e9part des deux autres B (Noureddine Bedoui, le Premier ministre, et Bensalah, le chef de l\u2019Etat). Une partie des manifestants traverse le jardin pour se retrouver derri\u00e8re les policiers, sur l\u2019avenue Pasteur.<\/p>\n<p>Ils viennent de franchir les obstacles, suscitant encore une fois le retrait des policiers. C\u2019est la liesse g\u00e9n\u00e9rale. \u00abMassira let tunnel !\u00bb (Marche sur le tunnel), crient les \u00e9tudiants. Ils forment plusieurs carr\u00e9es et rejoignent le Tunnel des facult\u00e9s.<\/p>\n<p>A l\u2019int\u00e9rieur, ils donnent libre cours \u00e0 leur joie, mais aussi \u00e0 leurs slogans contre le r\u00e9gime et pour la construction d\u2019une nouvelle Alg\u00e9rie.<\/p>\n<p>Filles et gar\u00e7ons, ils traversent c\u00f4te \u00e0 c\u00f4te la place Maurice Audin, sous les applaudissements des citoyens qui les ont rejoints. Assis \u00e0 m\u00eame la chauss\u00e9e, ils continuent \u00e0 r\u00e9clamer le d\u00e9part de Bensalah, Bedoui, ainsi que toutes les personnalit\u00e9s qui incarnent le r\u00e9gime.<\/p>\n<p>Une autre imposante foule les rejoint pour continuer ensemble la marche jusqu\u2019\u00e0 la Grande-Poste o\u00f9 ils se sont rassembl\u00e9s jusqu\u2019\u00e0 15h, pour se disperser dans le calme apr\u00e8s avoir nettoy\u00e9 les lieux. Ils sont venus de toutes les Ecoles sup\u00e9rieures et universit\u00e9s d\u2019Alger, de Tipasa et de Boumerd\u00e8s, rejoints \u00e9galement par bon nombre de leurs enseignants.<\/p>\n<p>Tous \u00e9taient marqu\u00e9s par la r\u00e9action r\u00e9pressive des forces de police contre leurs camarades mardi 9 avril dernier. Tous voulaient faire de cette Journ\u00e9e du savoir celle de la \u00absolidarit\u00e9\u00bb avec les \u00e9tudiants et de \u00abla mobilisation pour un avenir meilleur\u00bb.<\/p>\n<blockquote readability=\"88\">\n<p><strong>Quelques portraits d\u2019\u00e9tudiants et d\u2019\u00e9tudiantes<\/strong> <strong>descendus dans la rue<\/strong> :<\/p>\n<p><strong>Samy Chahal\u00a0: \u00abNous sommes l\u00e0 pour dire non \u00e0 la r\u00e9pression polici\u00e8re\u00bb<\/strong><\/p>\n<p>\u00c9tudiant tr\u00e8s actif \u00e0 l\u2019universit\u00e9 de Bouzar\u00e9ah, Samy Chahal \u00e9tait hier parmi le groupe de secouristes qui ont encadr\u00e9 la marche des \u00e9tudiants. \u00abNous nous organisons depuis des semaines. Nous avons \u00e9lu un comit\u00e9 de repr\u00e9sentants qui s\u2019attelle \u00e0 pr\u00e9parer les marches et les actions de protestation pour le changement. A la veille de chaque mardi, les ateliers charg\u00e9s de l\u2019\u00e9laboration de slogans, d\u00e9cident des mots d\u2019ordre \u00e0 utiliser sur les pancartes et les baderoles. Nous avons \u00e9galement mis en place des groupes de secouristes qui assurent les premiers soins en cas d\u2019incidents. Ce sont tous des volontaires et ils ont fait des formations de courte dur\u00e9e avec des m\u00e9decins. La r\u00e9pression contre la marche de mardi dernier nous a choqu\u00e9s. Mais cela ne nous a pas emp\u00each\u00e9s d\u2019agir sur place. Lors des assembl\u00e9es g\u00e9n\u00e9rales, nous avons d\u00e9cid\u00e9 d\u2019une journ\u00e9e de gr\u00e8ve renouvelable chaque semaine et nous continuerons \u00e0 marcher les mardis jusqu\u2019\u00e0 satisfaction de nos revendications\u00bb, dit-il.<\/p>\n<p><strong>Aberbach Ouardia Lynda\u00a0:\u00a0 \u00abDes marches pacifiques et des d\u00e9bats dans les campus\u00bb<\/strong><\/p>\n<p>Drap\u00e9e de l\u2019embl\u00e8me national, le sourire large, Aberbach Ouardia Lynda n\u2019est pas active, mais se dit tr\u00e8s attentive \u00e0 tout ce que font ses camarades. Etudiante au d\u00e9partement de biologie de l\u2019universit\u00e9 de Bougara \u00e0 Boumerd\u00e8s, elle dit \u00eatre \u00abconsciente des enjeux\u00bb, raison pour laquelle elle est sortie hier pour dire au syst\u00e8me : \u00abd\u00e9gage\u00a0!\u00bb Elle revient sur les nombreuses r\u00e9unions organis\u00e9es durant cette semaine, \u00absurtout apr\u00e8s le recours par la police aux gaz lacrymog\u00e8nes et aux jets d\u2019eau pour disperser violemment la marche de nos camarades \u00e0 Alger. Pour nous, il fallait \u00eatre nombreux aujourd\u2019hui pour dire non \u00e0 la violence et non \u00e0 la r\u00e9pression. Nous voulons un changement pour notre pays. Nous voulons construire notre pays. Nous avons le droit d\u2019exprimer ces besoins pacifiquement\u2026\u00bb<\/p>\n<p><strong>Anis Aindjaneb\u00a0:\u00a0\u00abNous tenons \u00e0 ce que nos marches soient pacifiques\u00bb<\/strong><\/p>\n<p>Apr\u00e8s de nombreuses r\u00e9unions \u00e0 l\u2019universit\u00e9 de Bab Ezzouar auxquelles il a pris part en tant qu\u2019\u00e9tudiant en g\u00e9nie des proc\u00e9d\u00e9s,<br \/>Anis Aindjaneb est \u00e0 l\u2019avant-garde de la mobilisation. Il parle de l\u2019organisation qui s\u2019installe au campus pour arriver prochainement \u00e0 une repr\u00e9sentativit\u00e9 au niveau de chaque d\u00e9partement de cette universit\u00e9. \u00abNous avons r\u00e9ussi \u00e0 \u00e9lire des repr\u00e9sentants de certains d\u00e9partements et d\u2019autres sont en voie de le faire. Lors de nos assembl\u00e9es g\u00e9n\u00e9rales, nous avons d\u00e9cid\u00e9 d\u2019observer une gr\u00e8ve d\u2019une semaine, renouvelable \u00e0 chaque fois que cela est n\u00e9cessaire jusqu\u2019\u00e0 ce que le syst\u00e8me d\u00e9gage. Le principe, c\u2019est de refuser totalement ceux qui sont rest\u00e9s durant vingt ans aux commandes de ce syst\u00e8me. Nous tenons \u00e0 ce que nos marches et manifestations soient pacifiques et que le d\u00e9bat au sein des campus soit quotidien. C\u2019est ce que nous faisons. Aujourd\u2019hui, nous sommes l\u00e0, nombreux, et mardi prochain, peut-\u00eatre plus nombreux, jusqu\u2019\u00e0 ce que nos revendications soient prises en compte.\u00bb<\/p>\n<p><strong>Djalaleddine Kahlaoui\u00a0:\u00a0\u00abNous voulons un avenir meilleur\u00bb<\/strong><\/p>\n<p>Encadreur du carr\u00e9 du p\u00f4le universitaire de Kol\u00e9a, Djallaleddine Kahlaoui ne cesse de faire des va-et-vient pour emp\u00eacher les \u00e9tudiants de bloquer la circulation automobile. Pour lui, il est encore t\u00f4t pour commencer \u00e0 marcher. Lui et ses camardes s\u2019organisent depuis le 22 f\u00e9vrier pour permettre aux \u00e9tudiants d\u2019avoir un mouvement qui les repr\u00e9sente. \u00abNous sommes l\u00e0 aujourd\u2019hui pour dire aux trois B de partir. Le peuple les refuse, ils doivent quitter leurs postes. En tant qu\u2019\u00e9tudiants, nous voulons un avenir meilleur pour le pays. Notre mobilisation ne fl\u00e9chira pas, m\u00eame si elle doit faire face \u00e0 la r\u00e9pression\u00bb, dit-il.<\/p>\n<p><strong>Sara Mahiout\u00a0:\u00a0 \u00abJ\u2019ai \u00e9t\u00e9 scandalis\u00e9e par la r\u00e9pression de mardi dernier\u00bb<\/strong><\/p>\n<p>Tr\u00e8s jeune, le visage jovial, marqu\u00e9 aux couleurs nationales, Sara Mahiout est en 1re ann\u00e9e de m\u00e9decine. C\u2019est la premi\u00e8re fois qu\u2019elle prend part \u00e0 la marche du mardi. \u00abHabituellement, je marche le vendredi, mais pas le mardi. Je ne me sentais pas vraiment impliqu\u00e9e jusqu\u2019\u00e0 mardi dernier lorsque j\u2019ai vu les images de mes camarades dispers\u00e9s \u00e0 Alger \u00e0 coups de gaz lacrymog\u00e8nes et de jets d\u2019eau. J\u2019ai \u00e9t\u00e9 scandalis\u00e9e par cette r\u00e9pression polici\u00e8re. Cela m\u2019a vraiment interpell\u00e9e. Aujourd\u2019hui, je suis l\u00e0 pour me solidariser avec mes camarades et dire au r\u00e9gime de partir\u00bb, lance-t-elle.<\/p>\n<p><strong>Maria Karassane\u00a0: \u00abD\u00e9noncer la r\u00e9pression et exiger le d\u00e9part du syst\u00e8me\u00bb<\/strong><\/p>\n<p>Etudiante en m\u00e9decine, Maria Karassane n\u2019\u00e9tait pas elle aussi tr\u00e8s engag\u00e9e avec ses camarades, puisqu\u2019elle dit sortir pour marcher chaque vendredi avec les Alg\u00e9riens. \u00abLa violence qu\u2019ont subie les \u00e9tudiants mardi dernier m\u2019a choqu\u00e9e. Avec mes camarades, nous avons d\u00e9cid\u00e9 de marcher tous les mardis pour d\u00e9noncer la r\u00e9pression et exiger le d\u00e9part de ce syst\u00e8me. A la facult\u00e9 de m\u00e9decine, des repr\u00e9sentants ont \u00e9t\u00e9 \u00e9lus, et les d\u00e9bats sur les actions \u00e0 mener sont organis\u00e9s chaque jour. Une gr\u00e8ve d\u2019une semaine renouvelable est observ\u00e9e et des secouristes volontaires sont form\u00e9s par les m\u00e9decins pour assurer les soins n\u00e9cessaires en cas d\u2019incident lors des marches. Maintenant, nous sommes tous mobilis\u00e9s et engag\u00e9s pour que ce syst\u00e8me d\u00e9gage\u00bb, souligne-t-elle.<\/p>\n<\/blockquote>\n<div class=\"yuzo_related_post style-1\" data-version=\"5.12.88\">\n<p><h3>Related Post<\/h3>\n<\/p>\n<div class=\"yuzo_wraps\">\n<div class=\"relatedthumb relatedpost-562558 c11\"><a href=\"https:\/\/www.elwatan.com\/edition\/actualite\/bouira-des-enseignantes-et-des-eleves-ont-proteste-contre-le-5e-mandat-08-03-2019\"\/><\/p>\n<p><span class=\"yuzo__text--title c10\">Bouira : des enseignantes et des \u00e9l\u00e8ves ont protes&#8230;<\/span><\/div>\n<div class=\"relatedthumb relatedpost-569582 c11\"><a href=\"https:\/\/www.elwatan.com\/edition\/contributions\/le-long-combat-pour-la-dignite-14-04-2019\"\/><\/p>\n<p><span class=\"yuzo__text--title c10\">Le long combat pour la dignit\u00e9<\/span><\/div>\n<div class=\"relatedthumb relatedpost-568550 c11\"><a href=\"https:\/\/www.elwatan.com\/edition\/actualite\/les-enseignants-ne-desarment-pas-a-jijel-09-04-2019\"\/><\/p>\n<p><span class=\"yuzo__text--title c10\">Les enseignants ne d\u00e9sarment pas \u00e0 Jijel<\/span><\/div>\n<div class=\"relatedthumb relatedpost-162750 c11\"><a href=\"https:\/\/www.elwatan.com\/edition\/international\/lespagne-dit-oui-apres-des-garanties-sur-gibraltar-les-27-approuvent-le-brexit-26-11-2018\"\/><\/p>\n<p><span class=\"yuzo__text--title c10\">L\u2019Espagne dit \u00aboui\u00bb apr\u00e8s des garanties sur Gibral&#8230;<\/span><\/div>\n<\/div>\n<\/div>\n<p><span class=\"post-views-label\">Post Views:<\/span> <span class=\"post-views-count\">2\u00a0100<\/span><\/p>\n<p>Auteur: Hicham Chouadria<br \/>\n<a href=\"https:\/\/www.elwatan.com\/a-la-une\/grande-mobilisation-hier-a-travers-le-pays-les-etudiants-atout-maitre-de-la-protesta-17-04-2019\">Cliquez ici pour lire l&rsquo;article depuis sa source.<\/a><\/p>\n","protected":false},"excerpt":{"rendered":"<p>(Photo : Sami K.) T\u00f4t dans la matin\u00e9e d\u2019hier, les \u00e9tudiants affluaient vers Alger pour occuper les marches de la Grande-Poste, mais les policiers \u00e9taient d\u00e9j\u00e0 sur place pour les en emp\u00eacher. D\u00e9termin\u00e9s \u00e0 faire de cette \u00abJourn\u00e9e du savoir\u00bb celle du combat pour une nouvelle R\u00e9publique, avec comme principal slogan \u00abTroho ga\u00e2\u00bb (Vous partez [&hellip;]<\/p>\n","protected":false},"author":1743,"featured_media":28398,"comment_status":"closed","ping_status":"closed","sticky":false,"template":"","format":"standard","meta":{"fifu_image_url":"","fifu_image_alt":"","footnotes":""},"categories":[73,53],"tags":[],"class_list":["post-28397","post","type-post","status-publish","format-standard","has-post-thumbnail","hentry","category-actualite","category-algerie"],"_links":{"self":[{"href":"https:\/\/linitiative.ca\/International\/wp-json\/wp\/v2\/posts\/28397","targetHints":{"allow":["GET"]}}],"collection":[{"href":"https:\/\/linitiative.ca\/International\/wp-json\/wp\/v2\/posts"}],"about":[{"href":"https:\/\/linitiative.ca\/International\/wp-json\/wp\/v2\/types\/post"}],"author":[{"embeddable":true,"href":"https:\/\/linitiative.ca\/International\/wp-json\/wp\/v2\/users\/1743"}],"replies":[{"embeddable":true,"href":"https:\/\/linitiative.ca\/International\/wp-json\/wp\/v2\/comments?post=28397"}],"version-history":[{"count":0,"href":"https:\/\/linitiative.ca\/International\/wp-json\/wp\/v2\/posts\/28397\/revisions"}],"wp:featuredmedia":[{"embeddable":true,"href":"https:\/\/linitiative.ca\/International\/wp-json\/"}],"wp:attachment":[{"href":"https:\/\/linitiative.ca\/International\/wp-json\/wp\/v2\/media?parent=28397"}],"wp:term":[{"taxonomy":"category","embeddable":true,"href":"https:\/\/linitiative.ca\/International\/wp-json\/wp\/v2\/categories?post=28397"},{"taxonomy":"post_tag","embeddable":true,"href":"https:\/\/linitiative.ca\/International\/wp-json\/wp\/v2\/tags?post=28397"}],"curies":[{"name":"wp","href":"https:\/\/api.w.org\/{rel}","templated":true}]}}