{"id":28421,"date":"2019-04-17T16:20:00","date_gmt":"2019-04-17T20:20:00","guid":{"rendered":"https:\/\/linitiative.ca\/International\/chahed-met-en-garde-contre-les-rumeurs-et-le-populisme-et-reaffirme-sa-volonte-de-poursuivre-les-reformes\/"},"modified":"2019-04-17T16:20:00","modified_gmt":"2019-04-17T20:20:00","slug":"chahed-met-en-garde-contre-les-rumeurs-et-le-populisme-et-reaffirme-sa-volonte-de-poursuivre-les-reformes","status":"publish","type":"post","link":"https:\/\/linitiative.ca\/International\/chahed-met-en-garde-contre-les-rumeurs-et-le-populisme-et-reaffirme-sa-volonte-de-poursuivre-les-reformes\/","title":{"rendered":"Chahed met en garde contre les rumeurs et le populisme et r\u00e9affirme sa volont\u00e9 de poursuivre les r\u00e9formes"},"content":{"rendered":"<p>Dans une adresse t\u00e9l\u00e9vis\u00e9e de 15 minutes\u00a0 aux Tunisiens , Youssef Chahed a annonc\u00e9 mercredi soir que son gouvernement allait engager des consultations avec les partis politiques pour assainir le climat politique. D\u00e9plorant que certains soient d\u00e9j\u00e0 entr\u00e9s dans une campagne \u00e9lectorale anticip\u00e9e, il a not\u00e9 que\u00a0 \u00abla d\u00e9mocratie ne doit pa virer \u00e0 l&rsquo;anarchie\u00bb, faisant allusion aux incidents qui se produits \u00e0 l&rsquo;assembl\u00e9e. Il a \u00e9galement critiqu\u00e9 la ferveur revendicative de certains syndicats qui \u00abveulent profiter de la proximit\u00e9 des \u00e9lections pour arracher le maximum de concessions au gouvernement\u00bb. Mettant en garde\u00a0 contre le populisme, les rumeurs, les \u00abfakenews\u00bb et ceux qui jouent sur la peur des Tunisiens pour faire monter la tension dans les pays,\u00a0 il a observ\u00e9 que \u00ables probl\u00e8mes ne se r\u00e9solvent pas par les anath\u00e8mes, la diabolisation des adversaires et les slogans creux mais par le dialogue et le respect mutuel\u00bb. D&rsquo;autre part, il pr\u00e9cis\u00e9 que la lutte contre la sp\u00e9culation continuera.<\/p>\n<p>Tout en se f\u00e9licitant du climat de s\u00e9curit\u00e9 dans le pays et les progr\u00e8s enregistr\u00e9s dans le dossier des caisses sociales et la lutte contre la corruption, il a cit\u00e9 parmi les priorit\u00e9s du gouvernement pour les 6 mois \u00e0 venir : faire en sorte que les examens nationaux de fin d&rsquo;ann\u00e9e se d\u00e9roulent dans les meilleures conditions,\u00a0 pr\u00e9parer le retour des Tunisiens r\u00e9sidents \u00e0 l\u2019\u00e9tranger et la r\u00e9ussite des \u00e9lections l\u00e9gislatives et pr\u00e9sidentielles, tout en r\u00e9affirmant la volont\u00e9 du gouvernement de poursuivre les r\u00e9formes engag\u00e9es sur tous les fronts.<\/p>\n<p>Auteur:<br \/>\n<a href=\"https:\/\/www.leaders.com.tn\/article\/26917-chahed-met-en-garde-contre-les-rumeurs-et-le-populisme-et-reaffirme-sa-volonte-de-poursuivre-les-reformes\">Cliquez ici pour lire l&rsquo;article depuis sa source.<\/a><\/p>\n","protected":false},"excerpt":{"rendered":"<p>Dans une adresse t\u00e9l\u00e9vis\u00e9e de 15 minutes\u00a0 aux Tunisiens , Youssef Chahed a annonc\u00e9 mercredi soir que son gouvernement allait engager des consultations avec les partis politiques pour assainir le climat politique. D\u00e9plorant que certains soient d\u00e9j\u00e0 entr\u00e9s dans une campagne \u00e9lectorale anticip\u00e9e, il a not\u00e9 que\u00a0 \u00abla d\u00e9mocratie ne doit pa virer \u00e0 l&rsquo;anarchie\u00bb, [&hellip;]<\/p>\n","protected":false},"author":1772,"featured_media":0,"comment_status":"closed","ping_status":"closed","sticky":false,"template":"","format":"standard","meta":{"fifu_image_url":"","fifu_image_alt":"","footnotes":""},"categories":[73,55],"tags":[],"class_list":["post-28421","post","type-post","status-publish","format-standard","hentry","category-actualite","category-tunisie"],"_links":{"self":[{"href":"https:\/\/linitiative.ca\/International\/wp-json\/wp\/v2\/posts\/28421","targetHints":{"allow":["GET"]}}],"collection":[{"href":"https:\/\/linitiative.ca\/International\/wp-json\/wp\/v2\/posts"}],"about":[{"href":"https:\/\/linitiative.ca\/International\/wp-json\/wp\/v2\/types\/post"}],"author":[{"embeddable":true,"href":"https:\/\/linitiative.ca\/International\/wp-json\/wp\/v2\/users\/1772"}],"replies":[{"embeddable":true,"href":"https:\/\/linitiative.ca\/International\/wp-json\/wp\/v2\/comments?post=28421"}],"version-history":[{"count":0,"href":"https:\/\/linitiative.ca\/International\/wp-json\/wp\/v2\/posts\/28421\/revisions"}],"wp:attachment":[{"href":"https:\/\/linitiative.ca\/International\/wp-json\/wp\/v2\/media?parent=28421"}],"wp:term":[{"taxonomy":"category","embeddable":true,"href":"https:\/\/linitiative.ca\/International\/wp-json\/wp\/v2\/categories?post=28421"},{"taxonomy":"post_tag","embeddable":true,"href":"https:\/\/linitiative.ca\/International\/wp-json\/wp\/v2\/tags?post=28421"}],"curies":[{"name":"wp","href":"https:\/\/api.w.org\/{rel}","templated":true}]}}