{"id":28422,"date":"2019-04-17T17:05:56","date_gmt":"2019-04-17T21:05:56","guid":{"rendered":"https:\/\/linitiative.ca\/International\/officiel-accord-fmi-tunisie-au-niveau-des-services-sur-la-cinquieme-revue-du-programme\/"},"modified":"2019-04-17T17:05:56","modified_gmt":"2019-04-17T21:05:56","slug":"officiel-accord-fmi-tunisie-au-niveau-des-services-sur-la-cinquieme-revue-du-programme","status":"publish","type":"post","link":"https:\/\/linitiative.ca\/International\/officiel-accord-fmi-tunisie-au-niveau-des-services-sur-la-cinquieme-revue-du-programme\/","title":{"rendered":"Officiel &#8211; Accord FMI &#8211; Tunisie au niveau des services sur la cinqui\u00e8me revue du programme"},"content":{"rendered":"<p><em>(Comuniqu\u00e9 du FMI)<\/em> Les services du FMI et les autorit\u00e9s tunisiennes sont parvenus \u00e0 un accord concernant la cinqui\u00e8me revue du programme de r\u00e9formes \u00e9conomiques qui est appuy\u00e9 par un accord au titre de la facilit\u00e9 \u00e9largie de cr\u00e9dit.<\/p>\n<p>Les autorit\u00e9s tunisiennes et les services du FMI se sont mis d\u2019accord sur des mesures et des r\u00e9formes visant \u00e0 atteindre l\u2019objectif d\u2019un d\u00e9ficit budg\u00e9taire de 3,9 % du PIB (hors dons) pour 2019 afin de limiter la dette \u00e9lev\u00e9e et les besoins de financement consid\u00e9rables.<br \/>Une \u00e9quipe des services du Fonds mon\u00e9taire international (FMI), dirig\u00e9e par Mr Bj\u00f6rn Rother a rencontr\u00e9, du 11 au 16 avril, les autorit\u00e9s tunisiennes en marge des Assembl\u00e9es de Printemps du FMI, pour discuter des politiques \u00e9conomiques envisag\u00e9es par les autorit\u00e9s dans le cadre de la cinqui\u00e8me revue du programme de r\u00e9formes \u00e9conomiques de la Tunisie soutenu par le M\u00e9canisme Elargi de Cr\u00e9dit (MEdC). \u00c0 l\u2019issue de ces n\u00e9gociations, M. Bj\u00f6rn Rother, chef de mission pour la Tunisie, a d\u00e9clar\u00e9 :<\/p>\n<p>\u00ab L\u2019\u00e9quipe des services du FMI et les autorit\u00e9s tunisiennes sont parvenues \u00e0 un accord, au niveau des services du FMI, sur la Cinqui\u00e8me Revue du programme de r\u00e9formes \u00e9conomiques soutenu par le MEdC. La finalisation de la revue est sujette \u00e0 l\u2019approbation du conseil d\u2019administration du FMI. La Tunisie b\u00e9n\u00e9ficiera d\u2019une sixi\u00e8me tranche de 177 millions de DTS (environ 247 millions US$) \u00e0 la suite de l\u2019examen par le Conseil d\u2019Administration du FMI, pr\u00e9vu d\u2019ici le d\u00e9but de juin 2019. Ceci am\u00e8nera le total des d\u00e9boursements dans le cadre du MEdC \u00e0 environ 1.6 milliards US$, et contribuera \u00e0 d\u00e9bloquer des financements suppl\u00e9mentaires de la part des autres partenaires de la Tunisie.<br \/>Nous avons eu des \u00e9changes porteurs avec les autorit\u00a0\u00e9s tunisiennes \u00e0 propos des politiques \u00e9conomiques qu\u2019elles doivent engager pour stabiliser et r\u00e9former l\u2019\u00e9conomie dans les mois qui viennent, tout en tenant en compte d\u2019une situation socio-\u00e9conomique tendue et d\u2019un environnement r\u00e9gional difficile. Les autorit\u00e9s et l\u2019\u00e9quipe du FMI sont parvenus \u00e0 un accord sur les mesures de politique et de r\u00e9forme \u00e9conomiques pour faire en sorte que l\u2019objectif de d\u00e9ficit budg\u00e9taire de 3.9 % du PIB (hors dons) pour 2019 soit atteint, en tant que condition fondamentale pour contenir une dette et des besoins de financement tous deux \u00e9lev\u00e9s. En parall\u00e8le, les autorit\u00e9s sont en train de renforcer le filet de protection sociale pour les m\u00e9nages \u00e0 faible revenue, afin de les prot\u00e9ger contre les effets potentiellement d\u00e9favorables de certaines r\u00e9formes, gr\u00e2ce, \u00e9galement, \u00e0 la mise en place d\u2019une nouvelle base de donn\u00e9es sur les m\u00e9nages vuln\u00e9rables. Les politiques mon\u00e9taires et de change resteront orient\u00e9es vers une r\u00e9duction de l\u2019inflation, qui \u00e9rode le pouvoir d\u2019achat et niveau de vie de tous les Tunisiens, et vers une am\u00e9lioration continue du d\u00e9ficit \u00e9lev\u00e9 des paiements courants, au travers d\u2019une comp\u00e9titivit\u00e9-prix accrue.\u00bb<br \/>\u00a0<\/p>\n<p>Auteur:<br \/>\n<a href=\"https:\/\/www.leaders.com.tn\/article\/26918-officiel-accord-fmi-tunisie-au-niveau-des-services-sur-la-cinquieme-revue-du-programme\">Cliquez ici pour lire l&rsquo;article depuis sa source.<\/a><\/p>\n","protected":false},"excerpt":{"rendered":"<p>(Comuniqu\u00e9 du FMI) Les services du FMI et les autorit\u00e9s tunisiennes sont parvenus \u00e0 un accord concernant la cinqui\u00e8me revue du programme de r\u00e9formes \u00e9conomiques qui est appuy\u00e9 par un accord au titre de la facilit\u00e9 \u00e9largie de cr\u00e9dit. Les autorit\u00e9s tunisiennes et les services du FMI se sont mis d\u2019accord sur des mesures et [&hellip;]<\/p>\n","protected":false},"author":1772,"featured_media":0,"comment_status":"closed","ping_status":"closed","sticky":false,"template":"","format":"standard","meta":{"fifu_image_url":"","fifu_image_alt":"","footnotes":""},"categories":[73,55],"tags":[],"class_list":["post-28422","post","type-post","status-publish","format-standard","hentry","category-actualite","category-tunisie"],"_links":{"self":[{"href":"https:\/\/linitiative.ca\/International\/wp-json\/wp\/v2\/posts\/28422","targetHints":{"allow":["GET"]}}],"collection":[{"href":"https:\/\/linitiative.ca\/International\/wp-json\/wp\/v2\/posts"}],"about":[{"href":"https:\/\/linitiative.ca\/International\/wp-json\/wp\/v2\/types\/post"}],"author":[{"embeddable":true,"href":"https:\/\/linitiative.ca\/International\/wp-json\/wp\/v2\/users\/1772"}],"replies":[{"embeddable":true,"href":"https:\/\/linitiative.ca\/International\/wp-json\/wp\/v2\/comments?post=28422"}],"version-history":[{"count":0,"href":"https:\/\/linitiative.ca\/International\/wp-json\/wp\/v2\/posts\/28422\/revisions"}],"wp:attachment":[{"href":"https:\/\/linitiative.ca\/International\/wp-json\/wp\/v2\/media?parent=28422"}],"wp:term":[{"taxonomy":"category","embeddable":true,"href":"https:\/\/linitiative.ca\/International\/wp-json\/wp\/v2\/categories?post=28422"},{"taxonomy":"post_tag","embeddable":true,"href":"https:\/\/linitiative.ca\/International\/wp-json\/wp\/v2\/tags?post=28422"}],"curies":[{"name":"wp","href":"https:\/\/api.w.org\/{rel}","templated":true}]}}