{"id":28423,"date":"2019-04-17T05:07:36","date_gmt":"2019-04-17T09:07:36","guid":{"rendered":"https:\/\/linitiative.ca\/International\/notre-dame-de-paris-un-milliard-deuros-de-dons-en-24-heures\/"},"modified":"2019-04-17T05:07:36","modified_gmt":"2019-04-17T09:07:36","slug":"notre-dame-de-paris-un-milliard-deuros-de-dons-en-24-heures","status":"publish","type":"post","link":"https:\/\/linitiative.ca\/International\/notre-dame-de-paris-un-milliard-deuros-de-dons-en-24-heures\/","title":{"rendered":"Notre-Dame de Paris : un milliard d\u2019euros de dons en 24 heures"},"content":{"rendered":"<p>L\u2019\u00e9lan spontan\u00e9 de g\u00e9n\u00e9rosit\u00e9 suite au terrible incendie qui a ravag\u00e9 lundi la c\u00e9l\u00e8bre cath\u00e9drale Notre Dame de Paris, se poursuit et la barre du milliard d\u2019euros de dons pourrait \u00eatre franchie dans la journ\u00e9e de mercredi.<\/p>\n<div class=\"c10\"\/>\n<p>\u00abOn est pr\u00e8s de 900 millions ce matin. Je pense qu\u2019on passera la barre du milliard dans la journ\u00e9e\u00bb, a d\u00e9clar\u00e9 St\u00e9phane Bern, charg\u00e9 de la mission du patrimoine.<\/p>\n<p>St\u00e9phane Bern s\u2019\u00e9tait vu confi\u00e9 en 2017, par le pr\u00e9sident fran\u00e7ais Emmanuel Macron, d\u2019une mission d\u2019identification du patrimoine immobilier en p\u00e9ril et de recherche de solutions innovantes pour assurer le financement des travaux indispensables. Il travaille en liaison avec les services du minist\u00e8re de la Culture charg\u00e9s des monuments historiques et la Fondation du Patrimoine.<\/p>\n<p>\u00abJe vois, par les diff\u00e9rents r\u00e9sultats que m\u2019envoient les fondations demi-heure par demi-heure, que \u00e7a monte, \u00e7a monte\u00bb, s\u2019est-il f\u00e9licit\u00e9 au micro de RMC.<\/p>\n<p>Aux c\u00f4t\u00e9s des grandes fortunes fran\u00e7aises, il y a aussi des gens qui font avec leurs moyens, a-t-il affirm\u00e9. \u00ab J\u2019ai rencontr\u00e9 hier des petites filles qui donnaient 5 euros, ce sont leurs \u00e9conomies, leur argent de poche. \u00c7a me touche autant\u00bb.<\/p>\n<p>St\u00e9phane Bern a \u00e9galement soulign\u00e9 que \u00able monde entier est \u00e0 notre chevet. Le monde entier a pris le deuil de Notre-Dame de Paris. Des Etats-Unis, du Br\u00e9sil, des gens du monde entier m\u2019appellent. Ils donnent spontan\u00e9ment \u00bb.<\/p>\n<p>De son c\u00f4t\u00e9, la Fondation du patrimoine a annonc\u00e9 mardi soir au terme de la premi\u00e8re journ\u00e9e de mobilisation pour la restauration de Notre-Dame de Paris, une collecte de dons des entreprises et du grand public de plus de 136,3 millions d\u2019euros.<\/p>\n<p>\u00ab Ce grand \u00e9lan populaire a \u00e9t\u00e9 rendu possible gr\u00e2ce \u00e0 la g\u00e9n\u00e9rosit\u00e9 de 68.000 donateurs individuels qui ont donn\u00e9 6,3 millions d\u2019euros \u00bb, auxquels se sont joints des groupes bancaires, des fondations, des entreprises, a d\u00e9taill\u00e9 la Fondation.<\/p>\n<p>\u00ab Les dons et les propositions de m\u00e9c\u00e9nat et de soutien ne cessent d\u2019affluer \u00bb, s\u2019est f\u00e9licit\u00e9 la Fondation qui souligne que \u00ab Facebook France a relay\u00e9 notre appel aux dons dans de nombreux pays sur son r\u00e9seau social et mobilis\u00e9 51.000 euros de dons de 3.000 internautes \u00bb.<\/p>\n<p>Pour la premi\u00e8re journ\u00e9e de mobilisation pour la restauration de la cath\u00e9drale Notre Dame de Paris, les promesses de dons se chiffraient \u00e0 750 millions d\u2019euros, gr\u00e2ce \u00e0 la g\u00e9n\u00e9rosit\u00e9 de nombreuses personnalit\u00e9s parmi lesquelles les plus grandes fortunes de France, mais aussi des entreprises, des footballeurs, des institutions et des anonymes.<\/p>\n<p>Des entreprises et institutions europ\u00e9ennes et mondiales ont exprim\u00e9 aussi leur volont\u00e9 de participer \u00e0 cet effort \u00e0 l\u2019instar du g\u00e9ant du num\u00e9rique Apple ou de la Banque centrale europ\u00e9enne.<\/p>\n<p>Mardi soir, le pr\u00e9sident fran\u00e7ais, dans une adresse \u00e0 ses concitoyens, a promis de reb\u00e2tir ce monument symbole de la France. \u00ab Oui, nous reb\u00e2tirons la cath\u00e9drale Notre-Dame plus belle encore, et je veux que cela soit achev\u00e9 d\u2019ici 5 ann\u00e9es \u00bb, a-t-il d\u00e9clar\u00e9.<\/p>\n<p>La cath\u00e9drale Notre Dame de Paris a \u00e9t\u00e9 ravag\u00e9e lundi par un gigantesque incendie qui s\u2019est d\u00e9clar\u00e9 peu avant 19H00 lundi et s\u2019est propag\u00e9 \u00e0 grande vitesse, emportant la toiture de ce haut lieu de la spiritualit\u00e9 construit entre le XIIe et le XIVe si\u00e8cle au coeur du Paris m\u00e9di\u00e9val.<\/p>\n<p>Monument historique le plus visit\u00e9 d\u2019Europe, la cath\u00e9drale Notre Dame de Paris est inscrite au patrimoine mondial de l\u2019humanit\u00e9 depuis 1991.<\/p>\n<p>Chaque ann\u00e9e, entre 12 \u00e0 14 millions de touristes visitent ce chef-d\u2019oeuvre de l\u2019architecture gothique situ\u00e9 sur l\u2019\u00eele de la Cit\u00e9.<\/p>\n<div class=\"c17\">\n<fieldset class=\"c16\">\n<legend><strong><span class=\"c11\">Challenge<\/span><span class=\"c12\">news<\/span><\/strong><\/legend>\n<div class=\"c15\">Le meilleur de la r\u00e9daction s\u00e9lectionn\u00e9 par Challenge :<\/p>\n<\/div>\n<\/fieldset>\n<\/div>\n<p>Auteur: challenge<br \/>\n<a href=\"https:\/\/www.challenge.ma\/notre-dame-de-paris-un-milliard-deuros-de-dons-en-24-heures-107776\/\">Cliquez ici pour lire l&rsquo;article depuis sa source.<\/a><\/p>\n","protected":false},"excerpt":{"rendered":"<p>L\u2019\u00e9lan spontan\u00e9 de g\u00e9n\u00e9rosit\u00e9 suite au terrible incendie qui a ravag\u00e9 lundi la c\u00e9l\u00e8bre cath\u00e9drale Notre Dame de Paris, se poursuit et la barre du milliard d\u2019euros de dons pourrait \u00eatre franchie dans la journ\u00e9e de mercredi. \u00abOn est pr\u00e8s de 900 millions ce matin. Je pense qu\u2019on passera la barre du milliard dans la [&hellip;]<\/p>\n","protected":false},"author":1787,"featured_media":0,"comment_status":"closed","ping_status":"closed","sticky":false,"template":"","format":"standard","meta":{"fifu_image_url":"","fifu_image_alt":"","footnotes":""},"categories":[78,54],"tags":[],"class_list":["post-28423","post","type-post","status-publish","format-standard","hentry","category-economie","category-maroc"],"_links":{"self":[{"href":"https:\/\/linitiative.ca\/International\/wp-json\/wp\/v2\/posts\/28423","targetHints":{"allow":["GET"]}}],"collection":[{"href":"https:\/\/linitiative.ca\/International\/wp-json\/wp\/v2\/posts"}],"about":[{"href":"https:\/\/linitiative.ca\/International\/wp-json\/wp\/v2\/types\/post"}],"author":[{"embeddable":true,"href":"https:\/\/linitiative.ca\/International\/wp-json\/wp\/v2\/users\/1787"}],"replies":[{"embeddable":true,"href":"https:\/\/linitiative.ca\/International\/wp-json\/wp\/v2\/comments?post=28423"}],"version-history":[{"count":0,"href":"https:\/\/linitiative.ca\/International\/wp-json\/wp\/v2\/posts\/28423\/revisions"}],"wp:attachment":[{"href":"https:\/\/linitiative.ca\/International\/wp-json\/wp\/v2\/media?parent=28423"}],"wp:term":[{"taxonomy":"category","embeddable":true,"href":"https:\/\/linitiative.ca\/International\/wp-json\/wp\/v2\/categories?post=28423"},{"taxonomy":"post_tag","embeddable":true,"href":"https:\/\/linitiative.ca\/International\/wp-json\/wp\/v2\/tags?post=28423"}],"curies":[{"name":"wp","href":"https:\/\/api.w.org\/{rel}","templated":true}]}}