{"id":28429,"date":"2019-04-17T12:14:01","date_gmt":"2019-04-17T16:14:01","guid":{"rendered":"https:\/\/linitiative.ca\/International\/il-fait-lactu-hamou-ouheli-secretaire-detat-charge-du-developpement-rural-et-des-eaux-et-forets\/"},"modified":"2019-04-17T12:14:01","modified_gmt":"2019-04-17T16:14:01","slug":"il-fait-lactu-hamou-ouheli-secretaire-detat-charge-du-developpement-rural-et-des-eaux-et-forets","status":"publish","type":"post","link":"https:\/\/linitiative.ca\/International\/il-fait-lactu-hamou-ouheli-secretaire-detat-charge-du-developpement-rural-et-des-eaux-et-forets\/","title":{"rendered":"Il fait l\u2019actu : Hamou Ouheli, secr\u00e9taire d\u2019Etat charg\u00e9 du d\u00e9veloppement rural et des eaux et for\u00eats"},"content":{"rendered":"<p>Une action collective pour offrir des opportunit\u00e9s de travail attrayantes aux jeunes est n\u00e9cessaire pour r\u00e9pondre au d\u00e9fi de la rel\u00e8ve g\u00e9n\u00e9rationnelle dans le secteur agricole, a soulign\u00e9, mercredi \u00e0 Mekn\u00e8s, le Secr\u00e9taire d\u2019\u00c9tat charg\u00e9 du d\u00e9veloppement rural et des eaux et for\u00eats, Hamou Ouheli.<\/p>\n<div class=\"c10\"\/>\n<p>S\u2019exprimant lors d\u2019une conf\u00e9rence sur l\u2019emploi dans le secteur agricole, agro-alimentaire et secteurs associ\u00e9s, dans le cadre de la 14\u00e8me \u00e9dition du Salon International de l\u2019Agriculture au Maroc (SIAM 2019), le Secr\u00e9taire d\u2019\u00c9tat a relev\u00e9 l\u2019importance d\u2019accompagner les jeunes tout au long de leur cursus, de la formation \u00e0 l\u2019insertion professionnelle.<\/p>\n<p>Le secteur agricole a connu de nombreuses \u00e9volutions techniques et technologiques et va offrir de plus en plus de nouvelles opportunit\u00e9s d\u2019emplois sur toute la chaine de valeur agricole, a-t-il expliqu\u00e9, faisant observer que l\u2019offre de formation devra \u00eatre \u00e9largie et adapt\u00e9e aux nouvelles tendances et aux nouveaux besoins, en assurant une formation pour tous les profils, quel que soit le niveau de qualification initiale, et toutes les \u00e9tapes de la carri\u00e8re.<\/p>\n<p>\u00ab\u00a0Nous contribuerons, par ailleurs, \u00e0 pr\u00e9senter une offre de formation de qualit\u00e9 \u00e0 travers les cit\u00e9s des m\u00e9tiers et des comp\u00e9tences, des centres \u00e9rig\u00e9s en p\u00f4les d\u2019excellence qui assurent une couverture r\u00e9gionale \u00e0 l\u2019\u00e9chelle de l\u2019ensemble du territoire\u00a0\u00bb, a-t-il assur\u00e9, notant que les secteurs de l\u2019agriculture, de l\u2019agro-industrie et de la p\u00eache seront d\u2019ailleurs pr\u00e9sents dans 11 centres sur 12 (agriculture 10 sur 12, agro-industrie 9 sur 12 et p\u00eache 5 sur 12).<\/p>\n<p>L\u2019offre de formation, a-t-il poursuivi, devra avant tout mettre au c\u0153ur de ses priorit\u00e9s l\u2019employabilit\u00e9 et la cr\u00e9ation de passerelles vers un travail de qualit\u00e9, stable et bien r\u00e9mun\u00e9r\u00e9, faisant remarquer que cela devra se faire avec une forte implication des professionnels du secteur.<\/p>\n<p>En outre, il a rappel\u00e9 que le Plan Maroc vert (PMV) a mis en place les bases d\u2019une offre diversifi\u00e9e et de qualit\u00e9 en mati\u00e8re d\u2019emploi dans le secteur agricole, agro-alimentaire et secteurs associ\u00e9s.<\/p>\n<p>Et d\u2019ajouter que ce processus amorc\u00e9 ouvre la r\u00e9flexion pour consolider et booster cette offre aussi bien en termes quantitative que qualitative \u00e0 travers l\u2019am\u00e9lioration des conditions sociales de travail des agriculteurs et des employ\u00e9s agricoles en mati\u00e8re de s\u00e9curit\u00e9 et couverture sociale, transport et bourse de l\u2019emploi.<\/p>\n<p>Le responsable a encourag\u00e9 les jeunes \u00e0 d\u00e9velopper leurs id\u00e9es, \u00e0 innover et \u00e0 entreprendre, faisant part de la disposition de son d\u00e9partement \u00e0 offrir l\u2019accompagnement n\u00e9cessaire pour cette cat\u00e9gorie.<\/p>\n<p>Organis\u00e9 sous le Haut patronage de SM le Roi Mohammed VI, autour du th\u00e8me \u00ab\u00a0l\u2019agriculture, levier d\u2019emploi et avenir du monde rural\u00a0\u00bb du 16 au 21 avril, le 14\u00e8me SIAM constitue un rendez-vous annuel incontournable pour pr\u00e9senter les avanc\u00e9es du Maroc dans le domaine agricole et confirmer le r\u00f4le crucial que joue l\u2019agriculture en tant qu\u2019un des leviers majeurs de la croissance \u00e9conomique.<\/p>\n<p>D\u00e9ploy\u00e9 sur une superficie de 185.000 m\u00b2 dont 95.000 m\u00b2 couverts, ce Salon, qui conna\u00eet la participation de 1.500 exposants de 60 pays, est l\u2019occasion propice de d\u00e9battre de plusieurs questions en lien avec l\u2019agriculture marocaine, notamment les moyens de promouvoir l\u2019emploi dans le monde rural, conform\u00e9ment aux Hautes Orientations de SM le Roi Mohammed VI.<\/p>\n<div class=\"c17\">\n<fieldset class=\"c16\">\n<legend><strong><span class=\"c11\">Challenge<\/span><span class=\"c12\">news<\/span><\/strong><\/legend>\n<div class=\"c15\">Le meilleur de la r\u00e9daction s\u00e9lectionn\u00e9 par Challenge :<\/p>\n<\/div>\n<\/fieldset>\n<\/div>\n<p>Auteur: challenge<br \/>\n<a href=\"https:\/\/www.challenge.ma\/il-fait-lactu-hamou-ouheli-secretaire-detat-charge-du-developpement-rural-et-des-eaux-et-forets-107798\/\">Cliquez ici pour lire l&rsquo;article depuis sa source.<\/a><\/p>\n","protected":false},"excerpt":{"rendered":"<p>Une action collective pour offrir des opportunit\u00e9s de travail attrayantes aux jeunes est n\u00e9cessaire pour r\u00e9pondre au d\u00e9fi de la rel\u00e8ve g\u00e9n\u00e9rationnelle dans le secteur agricole, a soulign\u00e9, mercredi \u00e0 Mekn\u00e8s, le Secr\u00e9taire d\u2019\u00c9tat charg\u00e9 du d\u00e9veloppement rural et des eaux et for\u00eats, Hamou Ouheli. S\u2019exprimant lors d\u2019une conf\u00e9rence sur l\u2019emploi dans le secteur agricole, [&hellip;]<\/p>\n","protected":false},"author":1787,"featured_media":0,"comment_status":"closed","ping_status":"closed","sticky":false,"template":"","format":"standard","meta":{"fifu_image_url":"","fifu_image_alt":"","footnotes":""},"categories":[78,54],"tags":[],"class_list":["post-28429","post","type-post","status-publish","format-standard","hentry","category-economie","category-maroc"],"_links":{"self":[{"href":"https:\/\/linitiative.ca\/International\/wp-json\/wp\/v2\/posts\/28429","targetHints":{"allow":["GET"]}}],"collection":[{"href":"https:\/\/linitiative.ca\/International\/wp-json\/wp\/v2\/posts"}],"about":[{"href":"https:\/\/linitiative.ca\/International\/wp-json\/wp\/v2\/types\/post"}],"author":[{"embeddable":true,"href":"https:\/\/linitiative.ca\/International\/wp-json\/wp\/v2\/users\/1787"}],"replies":[{"embeddable":true,"href":"https:\/\/linitiative.ca\/International\/wp-json\/wp\/v2\/comments?post=28429"}],"version-history":[{"count":0,"href":"https:\/\/linitiative.ca\/International\/wp-json\/wp\/v2\/posts\/28429\/revisions"}],"wp:attachment":[{"href":"https:\/\/linitiative.ca\/International\/wp-json\/wp\/v2\/media?parent=28429"}],"wp:term":[{"taxonomy":"category","embeddable":true,"href":"https:\/\/linitiative.ca\/International\/wp-json\/wp\/v2\/categories?post=28429"},{"taxonomy":"post_tag","embeddable":true,"href":"https:\/\/linitiative.ca\/International\/wp-json\/wp\/v2\/tags?post=28429"}],"curies":[{"name":"wp","href":"https:\/\/api.w.org\/{rel}","templated":true}]}}