{"id":28430,"date":"2019-04-17T12:30:15","date_gmt":"2019-04-17T16:30:15","guid":{"rendered":"https:\/\/linitiative.ca\/International\/bad-la-politique-agricole-du-maroc-un-modele-en-afrique\/"},"modified":"2019-04-17T12:30:15","modified_gmt":"2019-04-17T16:30:15","slug":"bad-la-politique-agricole-du-maroc-un-modele-en-afrique","status":"publish","type":"post","link":"https:\/\/linitiative.ca\/International\/bad-la-politique-agricole-du-maroc-un-modele-en-afrique\/","title":{"rendered":"BAD : la politique agricole du Maroc, un mod\u00e8le en Afrique"},"content":{"rendered":"<p>La politique agricole du Maroc, \u00e0 travers le Plan Maroc vert (PMV) constitue un mod\u00e8le pour les pays africains, a affirm\u00e9, mercredi \u00e0 Accra, l\u2019\u00e9conomiste agricole en chef au sein de la Banque africaine de d\u00e9veloppement (BAD), Jonas Chianu.<\/p>\n<div class=\"c10\"\/>\n<p>\u00ab\u00a0La politique marocaine dans le domaine agricole est un mod\u00e8le \u00e0 suivre par les pays africains en vue de renforcer la s\u00e9curit\u00e9 alimentaire du continent\u00a0\u00bb, a indiqu\u00e9 M. Chianu, dans une d\u00e9claration \u00e0 la MAP \u00e0 l\u2019occasion du lancement, dans la capitale ghan\u00e9enne, de 17 programmes de subvention de projets en faveur des petites et moyennes entreprises agroalimentaires dans huit pays africains.<\/p>\n<p>\u00ab\u00a0Conscient de l\u2019importance de l\u2019agriculture, le Royaume a pu d\u00e9velopper son Plan Maroc Vert, une initiative politique de relance de l\u2019agriculture qui prend en consid\u00e9ration l\u2019aspect environnemental\u00a0\u00bb, a soulign\u00e9 le responsable de l\u2019institution financi\u00e8res africaine.<\/p>\n<p>Il a not\u00e9 que la politique d\u00e9velopp\u00e9e par le Royaume dans la fili\u00e8re agricole est une \u00ab\u00a0strat\u00e9gie bien r\u00e9fl\u00e9chie\u00a0\u00bb avec des r\u00e9sultats largement positifs.<\/p>\n<p>Lanc\u00e9s par la BAD, ces programmes, initi\u00e9s par le Fonds pour l\u2019acc\u00e9l\u00e9ration du d\u00e9veloppement agricole (FADA), visent \u00e0 assister les PME op\u00e9rant dans le secteur de l\u2019agroalimentaire avec un budget total de 23 millions de dollars.<\/p>\n<p>Les pays b\u00e9n\u00e9ficiaires de ces programmes sont le Ghana avec 4 projets, la Tanzanie (4 projets), le Burkina Faso (2 projets), le Malawi (2 projets), le Mozambique (2 projets), l\u2019\u00c9thiopie (1 projet), le Nigeria (1 projet) et le S\u00e9n\u00e9gal (1 projet).<\/p>\n<div class=\"c17\">\n<fieldset class=\"c16\">\n<legend><strong><span class=\"c11\">Challenge<\/span><span class=\"c12\">news<\/span><\/strong><\/legend>\n<div class=\"c15\">Le meilleur de la r\u00e9daction s\u00e9lectionn\u00e9 par Challenge :<\/p>\n<\/div>\n<\/fieldset>\n<\/div>\n<p>Auteur: challenge<br \/>\n<a href=\"https:\/\/www.challenge.ma\/bad-la-politique-agricole-du-maroc-un-modele-en-afrique-107803\/\">Cliquez ici pour lire l&rsquo;article depuis sa source.<\/a><\/p>\n","protected":false},"excerpt":{"rendered":"<p>La politique agricole du Maroc, \u00e0 travers le Plan Maroc vert (PMV) constitue un mod\u00e8le pour les pays africains, a affirm\u00e9, mercredi \u00e0 Accra, l\u2019\u00e9conomiste agricole en chef au sein de la Banque africaine de d\u00e9veloppement (BAD), Jonas Chianu. \u00ab\u00a0La politique marocaine dans le domaine agricole est un mod\u00e8le \u00e0 suivre par les pays africains [&hellip;]<\/p>\n","protected":false},"author":1787,"featured_media":0,"comment_status":"closed","ping_status":"closed","sticky":false,"template":"","format":"standard","meta":{"fifu_image_url":"","fifu_image_alt":"","footnotes":""},"categories":[78,54],"tags":[],"class_list":["post-28430","post","type-post","status-publish","format-standard","hentry","category-economie","category-maroc"],"_links":{"self":[{"href":"https:\/\/linitiative.ca\/International\/wp-json\/wp\/v2\/posts\/28430","targetHints":{"allow":["GET"]}}],"collection":[{"href":"https:\/\/linitiative.ca\/International\/wp-json\/wp\/v2\/posts"}],"about":[{"href":"https:\/\/linitiative.ca\/International\/wp-json\/wp\/v2\/types\/post"}],"author":[{"embeddable":true,"href":"https:\/\/linitiative.ca\/International\/wp-json\/wp\/v2\/users\/1787"}],"replies":[{"embeddable":true,"href":"https:\/\/linitiative.ca\/International\/wp-json\/wp\/v2\/comments?post=28430"}],"version-history":[{"count":0,"href":"https:\/\/linitiative.ca\/International\/wp-json\/wp\/v2\/posts\/28430\/revisions"}],"wp:attachment":[{"href":"https:\/\/linitiative.ca\/International\/wp-json\/wp\/v2\/media?parent=28430"}],"wp:term":[{"taxonomy":"category","embeddable":true,"href":"https:\/\/linitiative.ca\/International\/wp-json\/wp\/v2\/categories?post=28430"},{"taxonomy":"post_tag","embeddable":true,"href":"https:\/\/linitiative.ca\/International\/wp-json\/wp\/v2\/tags?post=28430"}],"curies":[{"name":"wp","href":"https:\/\/api.w.org\/{rel}","templated":true}]}}