{"id":28431,"date":"2019-04-17T12:53:09","date_gmt":"2019-04-17T16:53:09","guid":{"rendered":"https:\/\/linitiative.ca\/International\/siam-2019-la-suisse-partage-son-expertise\/"},"modified":"2019-04-17T12:53:09","modified_gmt":"2019-04-17T16:53:09","slug":"siam-2019-la-suisse-partage-son-expertise","status":"publish","type":"post","link":"https:\/\/linitiative.ca\/International\/siam-2019-la-suisse-partage-son-expertise\/","title":{"rendered":"SIAM 2019 : la Suisse partage son expertise"},"content":{"rendered":"<p>Le <strong>Salon International de l\u2019Agriculture au Maroc<\/strong> (SIAM) tient sa 14<sup>\u00e8me<\/sup> \u00e9dition du 16 au 21 avril \u00e0 Mekn\u00e8s. Fi\u00e8re d\u2019apporter sa contribution au d\u00e9bat national autour de la refonte du mod\u00e8le \u00e9conomique marocain, l\u2019Association du Salon International de l\u2019Agriculture au Maroc organise cette 14\u00e8me \u00e9dition sous le th\u00e8me : \u00ab L\u2019agriculture, levier d\u2019emploi et avenir du monde rural \u00bb.<\/p>\n<div class=\"c10\"\/>\n<p>L\u2019<strong>agriculture<\/strong> nationale peut en effet se pr\u00e9valoir de s\u00e9rieux acquis depuis le d\u00e9marrage, en 2008, du Plan Maroc Vert. Le PIB agricole a atteint 125 milliards de DH, soit une progression de 60% depuis le lancement du PMV. Des moyens cons\u00e9quents ont \u00e9t\u00e9 mobilis\u00e9s pour atteindre cet objectif, gr\u00e2ce notamment \u00e0 une forte implication aussi bien des acteurs publics que du secteur priv\u00e9.<\/p>\n<p>L\u2019ann\u00e9e 2019 verra ainsi l\u2019investissement global dans le secteur agricole atteindre 115 milliards de DH, tel qu\u2019annonc\u00e9 par Aziz Akhannouch, ministre de l\u2019Agriculture, de la P\u00eache maritime, du D\u00e9veloppement rural et des Eaux et For\u00eats, lors d\u2019une conf\u00e9rence de pr\u00e9sentation des r\u00e9sultats du PMV (tenue en d\u00e9cembre 2018 \u00e0 Skhirate).<\/p>\n<p>L\u2019\u00e9dition 2019 se distingue par une affluence remarquable, avec la participation de 240 exposants internationaux, en provenance de 61 pays issus de 5 continents. Ce qui t\u00e9moigne du rayonnement av\u00e9r\u00e9 du <strong>SIAM<\/strong> en tant que premier salon agricole africain et l\u2019un des plus importants \u00e0 l\u2019\u00e9chelle internationale. Un constat qui se refl\u00e8te au niveau de l\u2019importance de la participation africaine, dont les pays repr\u00e9sentent le tiers du nombre total d\u2019exposants \u00e9trangers de cette \u00e9dition.<\/p>\n<p>La cr\u00e9dibilit\u00e9 du SIAM attire aussi cette ann\u00e9e un nombre croissant de pays asiatiques, dont la participation se renforce graduellement au fil des \u00e9ditions pour atteindre cette ann\u00e9e 12 pays. Autre fait notable qui t\u00e9moigne de la notori\u00e9t\u00e9 d\u00e9sormais \u00e9tablie du Salon, l\u2019\u00e9dition 2019 conna\u00eet la toute premi\u00e8re participation de l\u2019Oc\u00e9anie, repr\u00e9sent\u00e9e par l\u2019Australie.<\/p>\n<p><span class=\"c11\">La Suisse, invit\u00e9e d\u2019honneur<\/span><\/p>\n<p>La Suisse, invit\u00e9e d\u2019honneur du SIAM 2019, partagera son exp\u00e9rience probante en mati\u00e8re de d\u00e9veloppement agricole durable et inclusif. L\u2019expertise helv\u00e9tique, mondialement reconnue, b\u00e9n\u00e9ficie d\u00e9j\u00e0 \u00e0 l\u2019agriculture nationale dans le cadre d\u2019accords de coop\u00e9ration bilat\u00e9rale. Le SIAM 2019 vient \u00e9tendre le champ de cette coop\u00e9ration \u00e0 de nouveaux pans de l\u2019agriculture nationale ; \u00e0 l\u2019instar de la fili\u00e8re Bio, qui tiendra cette ann\u00e9e un stand d\u00e9di\u00e9 pour la premi\u00e8re fois dans l\u2019histoire du Salon.<\/p>\n<p>La <strong>Suisse<\/strong> est repr\u00e9sent\u00e9e au SIAM par une d\u00e9l\u00e9gation de haut niveau conduite par le secr\u00e9taire d\u2019Etat Bernard Lehmann, directeur de l\u2019Office f\u00e9d\u00e9ral de l\u2019agriculture et le pavillon helv\u00e9tique r\u00e9unira 13 entreprises suisses.<\/p>\n<p>L\u2019innovation sera au c\u0153ur de la participation suisse qui, tout au long de la dur\u00e9e du Salon, se traduira par la signature de plusieurs conventions \u2013 notamment sur les volets relatifs \u00e0 l\u2019emploi et l\u2019agriculture durable.<\/p>\n<div class=\"c18\">\n<fieldset class=\"c17\">\n<legend><strong><span class=\"c12\">Challenge<\/span><span class=\"c13\">news<\/span><\/strong><\/legend>\n<div class=\"c16\">Le meilleur de la r\u00e9daction s\u00e9lectionn\u00e9 par Challenge :<\/p>\n<\/div>\n<\/fieldset>\n<\/div>\n<p>Auteur: Karim Handaoui<br \/>\n<a href=\"https:\/\/www.challenge.ma\/siam-2019-la-suisse-partage-son-expertise-107808\/\">Cliquez ici pour lire l&rsquo;article depuis sa source.<\/a><\/p>\n","protected":false},"excerpt":{"rendered":"<p>Le Salon International de l\u2019Agriculture au Maroc (SIAM) tient sa 14\u00e8me \u00e9dition du 16 au 21 avril \u00e0 Mekn\u00e8s. Fi\u00e8re d\u2019apporter sa contribution au d\u00e9bat national autour de la refonte du mod\u00e8le \u00e9conomique marocain, l\u2019Association du Salon International de l\u2019Agriculture au Maroc organise cette 14\u00e8me \u00e9dition sous le th\u00e8me : \u00ab L\u2019agriculture, levier d\u2019emploi et [&hellip;]<\/p>\n","protected":false},"author":1787,"featured_media":0,"comment_status":"closed","ping_status":"closed","sticky":false,"template":"","format":"standard","meta":{"fifu_image_url":"","fifu_image_alt":"","footnotes":""},"categories":[78,54],"tags":[],"class_list":["post-28431","post","type-post","status-publish","format-standard","hentry","category-economie","category-maroc"],"_links":{"self":[{"href":"https:\/\/linitiative.ca\/International\/wp-json\/wp\/v2\/posts\/28431","targetHints":{"allow":["GET"]}}],"collection":[{"href":"https:\/\/linitiative.ca\/International\/wp-json\/wp\/v2\/posts"}],"about":[{"href":"https:\/\/linitiative.ca\/International\/wp-json\/wp\/v2\/types\/post"}],"author":[{"embeddable":true,"href":"https:\/\/linitiative.ca\/International\/wp-json\/wp\/v2\/users\/1787"}],"replies":[{"embeddable":true,"href":"https:\/\/linitiative.ca\/International\/wp-json\/wp\/v2\/comments?post=28431"}],"version-history":[{"count":0,"href":"https:\/\/linitiative.ca\/International\/wp-json\/wp\/v2\/posts\/28431\/revisions"}],"wp:attachment":[{"href":"https:\/\/linitiative.ca\/International\/wp-json\/wp\/v2\/media?parent=28431"}],"wp:term":[{"taxonomy":"category","embeddable":true,"href":"https:\/\/linitiative.ca\/International\/wp-json\/wp\/v2\/categories?post=28431"},{"taxonomy":"post_tag","embeddable":true,"href":"https:\/\/linitiative.ca\/International\/wp-json\/wp\/v2\/tags?post=28431"}],"curies":[{"name":"wp","href":"https:\/\/api.w.org\/{rel}","templated":true}]}}