{"id":28433,"date":"2019-04-17T13:50:11","date_gmt":"2019-04-17T17:50:11","guid":{"rendered":"https:\/\/linitiative.ca\/International\/lancien-president-peruvien-alan-garcia-se-suicide-quand-la-police-vient-larreter\/"},"modified":"2019-04-17T13:50:11","modified_gmt":"2019-04-17T17:50:11","slug":"lancien-president-peruvien-alan-garcia-se-suicide-quand-la-police-vient-larreter","status":"publish","type":"post","link":"https:\/\/linitiative.ca\/International\/lancien-president-peruvien-alan-garcia-se-suicide-quand-la-police-vient-larreter\/","title":{"rendered":"L\u2019ancien pr\u00e9sident p\u00e9ruvien Alan Garcia se suicide quand la police vient l\u2019arr\u00eater"},"content":{"rendered":"<div class=\"post-cont-in left relative\">\n<div class=\"nc_socialPanel swp_flatFresh swp_d_fullColor swp_i_fullColor swp_o_fullColor scale-100 scale-fullWidth\" data-position=\"none\" data-float=\"floatNone\" data-count=\"5\" data-floatcolor=\"#ffffff\" data-emphasize=\"0\">\n<div class=\"nc_tweetContainer totes totesalt\" data-id=\"6\"><span class=\"swp_count\"><span class=\"swp_label\">Partages<\/span> 8<\/span><\/div>\n<\/div>\n<p>L\u2019ancien pr\u00e9sident p\u00e9ruvien, Alan Garcia s\u2019est suicid\u00e9 ce mercredi matin \u00e0 Lima, juste avant son arrestation dans le cadre d\u2019un scandale de corruption. \u00abAlan Garcia est d\u00e9c\u00e9d\u00e9\u00bb, a d\u00e9clar\u00e9 Omar Quesada, Secr\u00e9taire G\u00e9n\u00e9ral du parti de l\u2019ex-dirigeant. L\u2019actuel chef de l\u2019Etat p\u00e9ruvien, Martin Vizcarra s\u2019est dit sur Twitter \u00abconstern\u00e9 par le d\u00e9c\u00e8s de l\u2019ex-pr\u00e9sident. Je transmets mes condol\u00e9ances \u00e0 sa famille et \u00e0 ses proches\u00bb, a-t-il \u00e9crit.<\/p>\n<p>Alan Garcia, qui \u00e9tait \u00e2g\u00e9 de 69 ans et qui avait dirig\u00e9 le pays de 1985 \u00e0 1990 puis de 2006 \u00e0 2011, s\u2019est tir\u00e9 une balle dans la t\u00eate alors que la police venait d\u2019arriver \u00e0 06h30 locales (13h30 \u00e0 Paris) \u00e0 son domicile de Lima pour l\u2019arr\u00eater. Expliquant qu\u2019il allait appeler son avocat, \u00abil est entr\u00e9 dans sa chambre et a ferm\u00e9 la porte. Quelques minutes apr\u00e8s, un coup de feu a \u00e9t\u00e9 entendu et (la police) l\u2019a retrouv\u00e9 assis avec une blessure \u00e0 la t\u00eate\u00bb, a expliqu\u00e9 le ministre de l\u2019Int\u00e9rieur, Carlos Moran lors d\u2019une conf\u00e9rence de presse. L\u2019ancien pr\u00e9sident a \u00e9t\u00e9 transf\u00e9r\u00e9 vers l\u2019h\u00f4pital Casimiro Ulloa dans le quartier hupp\u00e9 de Miraflores o\u00f9 il est d\u00e9c\u00e9d\u00e9 malgr\u00e9 les efforts des m\u00e9decins.<\/p>\n<div class=\"code-block code-block-1 c3\"><ins class=\"adsbygoogle c2\" data-ad-layout=\"in-article\" data-ad-format=\"fluid\" data-ad-client=\"ca-pub-2102118777505746\" data-ad-slot=\"7301775417\"\/> <\/div>\n<div class=\"mvp-org-wrap mvp-org-logo\" itemprop=\"publisher\" itemscope=\"\" itemtype=\"https:\/\/schema.org\/Organization\"><img decoding=\"async\" src=\"https:\/\/www.tunisienumerique.com\/wp-content\/uploads\/2017\/02\/logo_tunisie_numerique.png\"\/><\/div>\n<div class=\"nc_socialPanel swp_flatFresh swp_d_fullColor swp_i_fullColor swp_o_fullColor scale-100 scale-fullWidth\" data-position=\"none\" data-float=\"floatNone\" data-count=\"5\" data-floatcolor=\"#ffffff\" data-emphasize=\"0\">\n<div class=\"nc_tweetContainer totes totesalt\" data-id=\"6\"><span class=\"swp_count\"><span class=\"swp_label\">Partages<\/span> 8<\/span><\/div>\n<\/div>\n<div class=\"mvp-related-posts left relative\">\n<h4 class=\"post-header\"><span class=\"post-header\">Lire aussi<\/span><\/h4>\n<\/div>\n<\/div>\n<p>Auteur: LM<br \/>\n<a href=\"https:\/\/www.tunisienumerique.com\/lancien-president-peruvien-alan-garcia-se-suicide-quand-la-police-vient-larreter\/\">Cliquez ici pour lire l&rsquo;article depuis sa source.<\/a><\/p>\n","protected":false},"excerpt":{"rendered":"<p>Partages 8 L\u2019ancien pr\u00e9sident p\u00e9ruvien, Alan Garcia s\u2019est suicid\u00e9 ce mercredi matin \u00e0 Lima, juste avant son arrestation dans le cadre d\u2019un scandale de corruption. \u00abAlan Garcia est d\u00e9c\u00e9d\u00e9\u00bb, a d\u00e9clar\u00e9 Omar Quesada, Secr\u00e9taire G\u00e9n\u00e9ral du parti de l\u2019ex-dirigeant. L\u2019actuel chef de l\u2019Etat p\u00e9ruvien, Martin Vizcarra s\u2019est dit sur Twitter \u00abconstern\u00e9 par le d\u00e9c\u00e8s de [&hellip;]<\/p>\n","protected":false},"author":1789,"featured_media":28434,"comment_status":"closed","ping_status":"closed","sticky":false,"template":"","format":"standard","meta":{"fifu_image_url":"","fifu_image_alt":"","footnotes":""},"categories":[73,55],"tags":[],"class_list":["post-28433","post","type-post","status-publish","format-standard","has-post-thumbnail","hentry","category-actualite","category-tunisie"],"_links":{"self":[{"href":"https:\/\/linitiative.ca\/International\/wp-json\/wp\/v2\/posts\/28433","targetHints":{"allow":["GET"]}}],"collection":[{"href":"https:\/\/linitiative.ca\/International\/wp-json\/wp\/v2\/posts"}],"about":[{"href":"https:\/\/linitiative.ca\/International\/wp-json\/wp\/v2\/types\/post"}],"author":[{"embeddable":true,"href":"https:\/\/linitiative.ca\/International\/wp-json\/wp\/v2\/users\/1789"}],"replies":[{"embeddable":true,"href":"https:\/\/linitiative.ca\/International\/wp-json\/wp\/v2\/comments?post=28433"}],"version-history":[{"count":0,"href":"https:\/\/linitiative.ca\/International\/wp-json\/wp\/v2\/posts\/28433\/revisions"}],"wp:featuredmedia":[{"embeddable":true,"href":"https:\/\/linitiative.ca\/International\/wp-json\/"}],"wp:attachment":[{"href":"https:\/\/linitiative.ca\/International\/wp-json\/wp\/v2\/media?parent=28433"}],"wp:term":[{"taxonomy":"category","embeddable":true,"href":"https:\/\/linitiative.ca\/International\/wp-json\/wp\/v2\/categories?post=28433"},{"taxonomy":"post_tag","embeddable":true,"href":"https:\/\/linitiative.ca\/International\/wp-json\/wp\/v2\/tags?post=28433"}],"curies":[{"name":"wp","href":"https:\/\/api.w.org\/{rel}","templated":true}]}}