{"id":28443,"date":"2019-04-17T16:00:00","date_gmt":"2019-04-17T20:00:00","guid":{"rendered":"https:\/\/linitiative.ca\/International\/tunisie-video-une-citoyenne-lance-un-cri-de-detresse-et-pointe-du-doigt-la-situation-miserable-des-tunisiens\/"},"modified":"2019-04-17T16:00:00","modified_gmt":"2019-04-17T20:00:00","slug":"tunisie-video-une-citoyenne-lance-un-cri-de-detresse-et-pointe-du-doigt-la-situation-miserable-des-tunisiens","status":"publish","type":"post","link":"https:\/\/linitiative.ca\/International\/tunisie-video-une-citoyenne-lance-un-cri-de-detresse-et-pointe-du-doigt-la-situation-miserable-des-tunisiens\/","title":{"rendered":"Tunisie-[ vid\u00e9o] Une citoyenne lance un cri de d\u00e9tresse et pointe du doigt la situation mis\u00e9rable des tunisiens"},"content":{"rendered":"<div class=\"post-cont-in left relative\">\n<div class=\"nc_socialPanel swp_flatFresh swp_d_fullColor swp_i_fullColor swp_o_fullColor scale-100 scale-fullWidth\" data-position=\"none\" data-float=\"floatNone\" data-count=\"5\" data-floatcolor=\"#ffffff\" data-emphasize=\"0\">\n<div class=\"nc_tweetContainer totes totesalt\" data-id=\"6\"><span class=\"swp_count\"><span class=\"swp_label\">Partages<\/span> 5K<\/span><\/div>\n<\/div>\n<p>Les conditions de vie des tunisiens se d\u00e9t\u00e9riorent de plus en plus depuis la R\u00e9volution.<\/p>\n<p>Des citoyens qui menaient une vie normale et pouvaient se procurer leurs besoins basiques nutritionnels, ne trouvent plus de quoi manger. Cette situation alarmante est de plus en plus r\u00e9pandue dans la soci\u00e9t\u00e9 et concerne les classes jadis moyennes\u00a0devenues\u00a0d\u00e9munies.<\/p>\n<div class=\"code-block code-block-1 c4\"><ins class=\"adsbygoogle c3\" data-ad-layout=\"in-article\" data-ad-format=\"fluid\" data-ad-client=\"ca-pub-2102118777505746\" data-ad-slot=\"7301775417\"\/> <\/div>\n<p>En effet, depuis la R\u00e9volution, un recul\u00a0de la\u00a0qualit\u00e9 de vie s\u2019est install\u00e9 et s\u2019accentue de jour en jour surtout avec la hausse des prix des produits de base \u00e0 l\u2019instar du lait, des l\u00e9gumes, de l\u2019huile et ainsi de suite.<\/p>\n<p>le paradoxe entre les difficult\u00e9s \u00e9conomiques et financi\u00e8res relatives \u00e0 la d\u00e9t\u00e9rioration du pouvoir d\u2019achat et le co\u00fbt de vie de plus en plus \u00e9lev\u00e9 a port\u00e9 pr\u00e9judice aux citoyens, notamment, ceux dont le revenu est faible ou quasi inexistant.<\/p>\n<p>Une citoyenne, interrog\u00e9e par Tunisienumerique a fait part de son mal de vivre, surtout, apr\u00e8s le gel de l\u2019activit\u00e9 de l\u2019usine au sein de laquelle, elle travaillait avec beaucoup de membres de sa famille.<\/p>\n<p>\u201d On est affam\u00e9, on ne trouve plus de quoi manger. Les prix sont exorbitants. Ou est ce qu\u2019on va ? Les hommes au pouvoir sont tr\u00e8s bien pay\u00e9s tandis que les citoyens comme nous ne trouvent pas de quoi se nourrir . Quel est le crime qu\u2019on a commis? On s\u2019est r\u00e9volt\u00e9 pour \u00e9liminer Ben Ali du pouvoir mais maintenant la situation est pire\u2026 Au moins \u00e0 l\u2019\u00e9poque de Ben Ali on pouvait manger.\u201d<\/p>\n<p>Ce cri de d\u00e9tresse affirme que le citoyen tunisien supporte\u00a0le premier les cons\u00e9quences de la d\u00e9gradation \u00e9conomique et financi\u00e8re du pays.<\/p>\n<div class=\"mvp-org-wrap mvp-org-logo\" itemprop=\"publisher\" itemscope=\"\" itemtype=\"https:\/\/schema.org\/Organization\"><img decoding=\"async\" src=\"https:\/\/www.tunisienumerique.com\/wp-content\/uploads\/2017\/02\/logo_tunisie_numerique.png\"\/><\/div>\n<div class=\"nc_socialPanel swp_flatFresh swp_d_fullColor swp_i_fullColor swp_o_fullColor scale-100 scale-fullWidth\" data-position=\"none\" data-float=\"floatNone\" data-count=\"5\" data-floatcolor=\"#ffffff\" data-emphasize=\"0\">\n<div class=\"nc_tweetContainer totes totesalt\" data-id=\"6\"><span class=\"swp_count\"><span class=\"swp_label\">Partages<\/span> 5K<\/span><\/div>\n<\/div>\n<div class=\"mvp-related-posts left relative\">\n<h4 class=\"post-header\"><span class=\"post-header\">Lire aussi<\/span><\/h4>\n<\/div>\n<\/div>\n<p>Auteur: Laameri Dorsaf<br \/>\n<a href=\"https:\/\/www.tunisienumerique.com\/tunisie-video-une-citoyenne-lance-un-cri-de-detresse-et-pointe-du-doigt-la-situation-miserable-des-tunisiens\/\">Cliquez ici pour lire l&rsquo;article depuis sa source.<\/a><\/p>\n","protected":false},"excerpt":{"rendered":"<p>Partages 5K Les conditions de vie des tunisiens se d\u00e9t\u00e9riorent de plus en plus depuis la R\u00e9volution. Des citoyens qui menaient une vie normale et pouvaient se procurer leurs besoins basiques nutritionnels, ne trouvent plus de quoi manger. Cette situation alarmante est de plus en plus r\u00e9pandue dans la soci\u00e9t\u00e9 et concerne les classes jadis [&hellip;]<\/p>\n","protected":false},"author":1789,"featured_media":28444,"comment_status":"closed","ping_status":"closed","sticky":false,"template":"","format":"standard","meta":{"fifu_image_url":"","fifu_image_alt":"","footnotes":""},"categories":[73,55],"tags":[],"class_list":["post-28443","post","type-post","status-publish","format-standard","has-post-thumbnail","hentry","category-actualite","category-tunisie"],"_links":{"self":[{"href":"https:\/\/linitiative.ca\/International\/wp-json\/wp\/v2\/posts\/28443","targetHints":{"allow":["GET"]}}],"collection":[{"href":"https:\/\/linitiative.ca\/International\/wp-json\/wp\/v2\/posts"}],"about":[{"href":"https:\/\/linitiative.ca\/International\/wp-json\/wp\/v2\/types\/post"}],"author":[{"embeddable":true,"href":"https:\/\/linitiative.ca\/International\/wp-json\/wp\/v2\/users\/1789"}],"replies":[{"embeddable":true,"href":"https:\/\/linitiative.ca\/International\/wp-json\/wp\/v2\/comments?post=28443"}],"version-history":[{"count":0,"href":"https:\/\/linitiative.ca\/International\/wp-json\/wp\/v2\/posts\/28443\/revisions"}],"wp:featuredmedia":[{"embeddable":true,"href":"https:\/\/linitiative.ca\/International\/wp-json\/"}],"wp:attachment":[{"href":"https:\/\/linitiative.ca\/International\/wp-json\/wp\/v2\/media?parent=28443"}],"wp:term":[{"taxonomy":"category","embeddable":true,"href":"https:\/\/linitiative.ca\/International\/wp-json\/wp\/v2\/categories?post=28443"},{"taxonomy":"post_tag","embeddable":true,"href":"https:\/\/linitiative.ca\/International\/wp-json\/wp\/v2\/tags?post=28443"}],"curies":[{"name":"wp","href":"https:\/\/api.w.org\/{rel}","templated":true}]}}