{"id":28445,"date":"2019-04-17T16:08:03","date_gmt":"2019-04-17T20:08:03","guid":{"rendered":"https:\/\/linitiative.ca\/International\/youssef-chahed-le-gouvernement-mobilisera-tous-ses-moyens-pour-freiner-laugmentation-des-prix\/"},"modified":"2019-04-17T16:08:03","modified_gmt":"2019-04-17T20:08:03","slug":"youssef-chahed-le-gouvernement-mobilisera-tous-ses-moyens-pour-freiner-laugmentation-des-prix","status":"publish","type":"post","link":"https:\/\/linitiative.ca\/International\/youssef-chahed-le-gouvernement-mobilisera-tous-ses-moyens-pour-freiner-laugmentation-des-prix\/","title":{"rendered":"Youssef Chahed\u00a0: \u00ab\u00a0Le gouvernement mobilisera tous ses moyens pour freiner l\u2019augmentation des prix\u00a0\u00bb"},"content":{"rendered":"<div class=\"post-cont-in left relative\">\n<div class=\"nc_socialPanel swp_flatFresh swp_d_fullColor swp_i_fullColor swp_o_fullColor scale-100 scale-fullWidth\" data-position=\"none\" data-float=\"floatNone\" data-count=\"5\" data-floatcolor=\"#ffffff\" data-emphasize=\"0\">\n<div class=\"nc_tweetContainer totes totesalt\" data-id=\"6\"><span class=\"swp_count\"><span class=\"swp_label\">Partages<\/span> 23<\/span><\/div>\n<\/div>\n<p>Le chef du gouvernement, Youssef Chahed a annonc\u00e9 ce soir, dans une allocution diffus\u00e9e sur la cha\u00eene TV nationale, que le gouvernement allait mettre en \u0153uvre tous les m\u00e9canismes dont il dispose pour ma\u00eetriser les prix \u00e0 la consommation et veiller au bon ravitaillement du march\u00e9, notamment, pendant le mois de Ramadan.<\/p>\n<div class=\"mvp-org-wrap mvp-org-logo\" itemprop=\"publisher\" itemscope=\"\" itemtype=\"https:\/\/schema.org\/Organization\"><img decoding=\"async\" src=\"https:\/\/www.tunisienumerique.com\/wp-content\/uploads\/2017\/02\/logo_tunisie_numerique.png\"\/><\/div>\n<div class=\"nc_socialPanel swp_flatFresh swp_d_fullColor swp_i_fullColor swp_o_fullColor scale-100 scale-fullWidth\" data-position=\"none\" data-float=\"floatNone\" data-count=\"5\" data-floatcolor=\"#ffffff\" data-emphasize=\"0\">\n<div class=\"nc_tweetContainer totes totesalt\" data-id=\"6\"><span class=\"swp_count\"><span class=\"swp_label\">Partages<\/span> 23<\/span><\/div>\n<\/div>\n<div class=\"mvp-related-posts left relative\">\n<h4 class=\"post-header\"><span class=\"post-header\">Lire aussi<\/span><\/h4>\n<\/div>\n<\/div>\n<p>Auteur: LM<br \/>\n<a href=\"https:\/\/www.tunisienumerique.com\/youssef-chahed-le-gouvernement-mobilisera-tous-ses-moyens-pour-freiner-laugmentation-des-prix\/\">Cliquez ici pour lire l&rsquo;article depuis sa source.<\/a><\/p>\n","protected":false},"excerpt":{"rendered":"<p>Partages 23 Le chef du gouvernement, Youssef Chahed a annonc\u00e9 ce soir, dans une allocution diffus\u00e9e sur la cha\u00eene TV nationale, que le gouvernement allait mettre en \u0153uvre tous les m\u00e9canismes dont il dispose pour ma\u00eetriser les prix \u00e0 la consommation et veiller au bon ravitaillement du march\u00e9, notamment, pendant le mois de Ramadan. Partages [&hellip;]<\/p>\n","protected":false},"author":1789,"featured_media":28446,"comment_status":"closed","ping_status":"closed","sticky":false,"template":"","format":"standard","meta":{"fifu_image_url":"","fifu_image_alt":"","footnotes":""},"categories":[73,55],"tags":[],"class_list":["post-28445","post","type-post","status-publish","format-standard","has-post-thumbnail","hentry","category-actualite","category-tunisie"],"_links":{"self":[{"href":"https:\/\/linitiative.ca\/International\/wp-json\/wp\/v2\/posts\/28445","targetHints":{"allow":["GET"]}}],"collection":[{"href":"https:\/\/linitiative.ca\/International\/wp-json\/wp\/v2\/posts"}],"about":[{"href":"https:\/\/linitiative.ca\/International\/wp-json\/wp\/v2\/types\/post"}],"author":[{"embeddable":true,"href":"https:\/\/linitiative.ca\/International\/wp-json\/wp\/v2\/users\/1789"}],"replies":[{"embeddable":true,"href":"https:\/\/linitiative.ca\/International\/wp-json\/wp\/v2\/comments?post=28445"}],"version-history":[{"count":0,"href":"https:\/\/linitiative.ca\/International\/wp-json\/wp\/v2\/posts\/28445\/revisions"}],"wp:featuredmedia":[{"embeddable":true,"href":"https:\/\/linitiative.ca\/International\/wp-json\/"}],"wp:attachment":[{"href":"https:\/\/linitiative.ca\/International\/wp-json\/wp\/v2\/media?parent=28445"}],"wp:term":[{"taxonomy":"category","embeddable":true,"href":"https:\/\/linitiative.ca\/International\/wp-json\/wp\/v2\/categories?post=28445"},{"taxonomy":"post_tag","embeddable":true,"href":"https:\/\/linitiative.ca\/International\/wp-json\/wp\/v2\/tags?post=28445"}],"curies":[{"name":"wp","href":"https:\/\/api.w.org\/{rel}","templated":true}]}}