{"id":28447,"date":"2019-04-17T16:17:03","date_gmt":"2019-04-17T20:17:03","guid":{"rendered":"https:\/\/linitiative.ca\/International\/youssef-chahed-ce-que-vous-avez-vu-a-larp-est-une-mauvaise-comprehension-de-la-democratie\/"},"modified":"2019-04-17T16:17:03","modified_gmt":"2019-04-17T20:17:03","slug":"youssef-chahed-ce-que-vous-avez-vu-a-larp-est-une-mauvaise-comprehension-de-la-democratie","status":"publish","type":"post","link":"https:\/\/linitiative.ca\/International\/youssef-chahed-ce-que-vous-avez-vu-a-larp-est-une-mauvaise-comprehension-de-la-democratie\/","title":{"rendered":"Youssef Chahed\u00a0: \u00ab\u00a0Ce que vous avez vu \u00e0 l\u2019ARP est une mauvaise compr\u00e9hension de la d\u00e9mocratie\u00a0\u00bb"},"content":{"rendered":"<div class=\"post-cont-in left relative\">\n<div class=\"nc_socialPanel swp_flatFresh swp_d_fullColor swp_i_fullColor swp_o_fullColor scale-100 scale-fullWidth\" data-position=\"none\" data-float=\"floatNone\" data-count=\"5\" data-floatcolor=\"#ffffff\" data-emphasize=\"0\">\n<div class=\"nc_tweetContainer totes totesalt\" data-id=\"6\"><span class=\"swp_count\"><span class=\"swp_label\">Partages<\/span> 5<\/span><\/div>\n<\/div>\n<p>Le chef du gouvernement, Youssef Chahed a rappel\u00e9 ce soir, les sc\u00e8nes de chaos et de tension qui l\u2019ont emp\u00each\u00e9 de s\u2019adresser aux \u00e9lus du peuple, lors de la derni\u00e8re audition qui \u00e9tait consacr\u00e9e \u00e0 la discussion du dossier de la sant\u00e9. Il a expliqu\u00e9 que ce qui s\u2019est pass\u00e9, ce jour l\u00e0, n\u2019a d\u2019autre \u00e0 part\u00a0le fait\u00a0que certains ont mal compris le sens de la d\u00e9mocratie, croyant que ce concept signifie qu\u2019il faut crier fort et d\u2019humilier les autres en s\u2019attaquant aux institutions de l\u2019Etat.<\/p>\n<p>Il a ajout\u00e9 que ces actions sont expliqu\u00e9es par des campagnes \u00e9lectorales avant terme, mais que les probl\u00e8mes du pays et du citoyen ne peuvent \u00eatre r\u00e9solus par les cris et le chaos.<\/p>\n<div class=\"code-block code-block-1 c3\"><ins class=\"adsbygoogle c2\" data-ad-layout=\"in-article\" data-ad-format=\"fluid\" data-ad-client=\"ca-pub-2102118777505746\" data-ad-slot=\"7301775417\"\/> <\/div>\n<div class=\"mvp-org-wrap mvp-org-logo\" itemprop=\"publisher\" itemscope=\"\" itemtype=\"https:\/\/schema.org\/Organization\"><img decoding=\"async\" src=\"https:\/\/www.tunisienumerique.com\/wp-content\/uploads\/2017\/02\/logo_tunisie_numerique.png\"\/><\/div>\n<div class=\"nc_socialPanel swp_flatFresh swp_d_fullColor swp_i_fullColor swp_o_fullColor scale-100 scale-fullWidth\" data-position=\"none\" data-float=\"floatNone\" data-count=\"5\" data-floatcolor=\"#ffffff\" data-emphasize=\"0\">\n<div class=\"nc_tweetContainer totes totesalt\" data-id=\"6\"><span class=\"swp_count\"><span class=\"swp_label\">Partages<\/span> 5<\/span><\/div>\n<\/div>\n<div class=\"mvp-related-posts left relative\">\n<h4 class=\"post-header\"><span class=\"post-header\">Lire aussi<\/span><\/h4>\n<\/div>\n<\/div>\n<p>Auteur: LM<br \/>\n<a href=\"https:\/\/www.tunisienumerique.com\/youssef-chahed-ce-que-vous-avez-vu-a-larp-est-une-mauvaise-comprehension-de-la-democratie\/\">Cliquez ici pour lire l&rsquo;article depuis sa source.<\/a><\/p>\n","protected":false},"excerpt":{"rendered":"<p>Partages 5 Le chef du gouvernement, Youssef Chahed a rappel\u00e9 ce soir, les sc\u00e8nes de chaos et de tension qui l\u2019ont emp\u00each\u00e9 de s\u2019adresser aux \u00e9lus du peuple, lors de la derni\u00e8re audition qui \u00e9tait consacr\u00e9e \u00e0 la discussion du dossier de la sant\u00e9. Il a expliqu\u00e9 que ce qui s\u2019est pass\u00e9, ce jour l\u00e0, [&hellip;]<\/p>\n","protected":false},"author":1789,"featured_media":28448,"comment_status":"closed","ping_status":"closed","sticky":false,"template":"","format":"standard","meta":{"fifu_image_url":"","fifu_image_alt":"","footnotes":""},"categories":[73,55],"tags":[],"class_list":["post-28447","post","type-post","status-publish","format-standard","has-post-thumbnail","hentry","category-actualite","category-tunisie"],"_links":{"self":[{"href":"https:\/\/linitiative.ca\/International\/wp-json\/wp\/v2\/posts\/28447","targetHints":{"allow":["GET"]}}],"collection":[{"href":"https:\/\/linitiative.ca\/International\/wp-json\/wp\/v2\/posts"}],"about":[{"href":"https:\/\/linitiative.ca\/International\/wp-json\/wp\/v2\/types\/post"}],"author":[{"embeddable":true,"href":"https:\/\/linitiative.ca\/International\/wp-json\/wp\/v2\/users\/1789"}],"replies":[{"embeddable":true,"href":"https:\/\/linitiative.ca\/International\/wp-json\/wp\/v2\/comments?post=28447"}],"version-history":[{"count":0,"href":"https:\/\/linitiative.ca\/International\/wp-json\/wp\/v2\/posts\/28447\/revisions"}],"wp:featuredmedia":[{"embeddable":true,"href":"https:\/\/linitiative.ca\/International\/wp-json\/"}],"wp:attachment":[{"href":"https:\/\/linitiative.ca\/International\/wp-json\/wp\/v2\/media?parent=28447"}],"wp:term":[{"taxonomy":"category","embeddable":true,"href":"https:\/\/linitiative.ca\/International\/wp-json\/wp\/v2\/categories?post=28447"},{"taxonomy":"post_tag","embeddable":true,"href":"https:\/\/linitiative.ca\/International\/wp-json\/wp\/v2\/tags?post=28447"}],"curies":[{"name":"wp","href":"https:\/\/api.w.org\/{rel}","templated":true}]}}