{"id":28449,"date":"2019-04-17T16:23:48","date_gmt":"2019-04-17T20:23:48","guid":{"rendered":"https:\/\/linitiative.ca\/International\/youssef-chahed-nous-allons-essayer-dinstaurer-un-code-de-deontologie-politique\/"},"modified":"2019-04-17T16:23:48","modified_gmt":"2019-04-17T20:23:48","slug":"youssef-chahed-nous-allons-essayer-dinstaurer-un-code-de-deontologie-politique","status":"publish","type":"post","link":"https:\/\/linitiative.ca\/International\/youssef-chahed-nous-allons-essayer-dinstaurer-un-code-de-deontologie-politique\/","title":{"rendered":"Youssef Chahed\u00a0: \u00ab\u00a0Nous allons essayer d\u2019instaurer un code de d\u00e9ontologie politique\u00a0\u00bb"},"content":{"rendered":"<div class=\"post-cont-in left relative\">\n<div class=\"nc_socialPanel swp_flatFresh swp_d_fullColor swp_i_fullColor swp_o_fullColor scale-100 scale-fullWidth\" data-position=\"none\" data-float=\"floatNone\" data-count=\"5\" data-floatcolor=\"#ffffff\" data-emphasize=\"0\">\n<div class=\"nc_tweetContainer totes totesalt\" data-id=\"6\"><span class=\"swp_count\"><span class=\"swp_label\">Partages<\/span> 19<\/span><\/div>\n<\/div>\n<p>Le chef du gouvernement, Youssef Chahed a annonc\u00e9\u00a0 ce soir, que le gouvernement allait pr\u00e9parer, en collaboration avec tous les partenaires sociaux, une sorte de code de d\u00e9ontologie politique. Car, a-t-il expliqu\u00e9, les tiraillements et le discours politique qui s\u00e9vissent en Tunisie ne sont plus tol\u00e9rables et mettent en p\u00e9ril les acquis de la transition d\u00e9mocratique.<\/p>\n<p>Il a pr\u00e9cis\u00e9 que ce code d\u00e9ontologique devra permettre d\u2019\u00e9lever le niveau du discours politique et de\u00a0 faire de sorte que la vie politique et les relations entre les partis soient impr\u00e9gn\u00e9es de respect et non d\u2019exclusion.<\/p>\n<div class=\"code-block code-block-1 c3\"><ins class=\"adsbygoogle c2\" data-ad-layout=\"in-article\" data-ad-format=\"fluid\" data-ad-client=\"ca-pub-2102118777505746\" data-ad-slot=\"7301775417\"\/> <\/div>\n<div class=\"mvp-org-wrap mvp-org-logo\" itemprop=\"publisher\" itemscope=\"\" itemtype=\"https:\/\/schema.org\/Organization\"><img decoding=\"async\" src=\"https:\/\/www.tunisienumerique.com\/wp-content\/uploads\/2017\/02\/logo_tunisie_numerique.png\"\/><\/div>\n<div class=\"nc_socialPanel swp_flatFresh swp_d_fullColor swp_i_fullColor swp_o_fullColor scale-100 scale-fullWidth\" data-position=\"none\" data-float=\"floatNone\" data-count=\"5\" data-floatcolor=\"#ffffff\" data-emphasize=\"0\">\n<div class=\"nc_tweetContainer totes totesalt\" data-id=\"6\"><span class=\"swp_count\"><span class=\"swp_label\">Partages<\/span> 19<\/span><\/div>\n<\/div>\n<div class=\"mvp-related-posts left relative\">\n<h4 class=\"post-header\"><span class=\"post-header\">Lire aussi<\/span><\/h4>\n<\/div>\n<\/div>\n<p>Auteur: LM<br \/>\n<a href=\"https:\/\/www.tunisienumerique.com\/youssef-chahed-nous-allons-essayer-dinstaurer-un-code-de-deontologie-politique\/\">Cliquez ici pour lire l&rsquo;article depuis sa source.<\/a><\/p>\n","protected":false},"excerpt":{"rendered":"<p>Partages 19 Le chef du gouvernement, Youssef Chahed a annonc\u00e9\u00a0 ce soir, que le gouvernement allait pr\u00e9parer, en collaboration avec tous les partenaires sociaux, une sorte de code de d\u00e9ontologie politique. Car, a-t-il expliqu\u00e9, les tiraillements et le discours politique qui s\u00e9vissent en Tunisie ne sont plus tol\u00e9rables et mettent en p\u00e9ril les acquis de [&hellip;]<\/p>\n","protected":false},"author":1789,"featured_media":28450,"comment_status":"closed","ping_status":"closed","sticky":false,"template":"","format":"standard","meta":{"fifu_image_url":"","fifu_image_alt":"","footnotes":""},"categories":[73,55],"tags":[],"class_list":["post-28449","post","type-post","status-publish","format-standard","has-post-thumbnail","hentry","category-actualite","category-tunisie"],"_links":{"self":[{"href":"https:\/\/linitiative.ca\/International\/wp-json\/wp\/v2\/posts\/28449","targetHints":{"allow":["GET"]}}],"collection":[{"href":"https:\/\/linitiative.ca\/International\/wp-json\/wp\/v2\/posts"}],"about":[{"href":"https:\/\/linitiative.ca\/International\/wp-json\/wp\/v2\/types\/post"}],"author":[{"embeddable":true,"href":"https:\/\/linitiative.ca\/International\/wp-json\/wp\/v2\/users\/1789"}],"replies":[{"embeddable":true,"href":"https:\/\/linitiative.ca\/International\/wp-json\/wp\/v2\/comments?post=28449"}],"version-history":[{"count":0,"href":"https:\/\/linitiative.ca\/International\/wp-json\/wp\/v2\/posts\/28449\/revisions"}],"wp:featuredmedia":[{"embeddable":true,"href":"https:\/\/linitiative.ca\/International\/wp-json\/"}],"wp:attachment":[{"href":"https:\/\/linitiative.ca\/International\/wp-json\/wp\/v2\/media?parent=28449"}],"wp:term":[{"taxonomy":"category","embeddable":true,"href":"https:\/\/linitiative.ca\/International\/wp-json\/wp\/v2\/categories?post=28449"},{"taxonomy":"post_tag","embeddable":true,"href":"https:\/\/linitiative.ca\/International\/wp-json\/wp\/v2\/tags?post=28449"}],"curies":[{"name":"wp","href":"https:\/\/api.w.org\/{rel}","templated":true}]}}