{"id":28453,"date":"2019-04-17T15:39:23","date_gmt":"2019-04-17T19:39:23","guid":{"rendered":"https:\/\/linitiative.ca\/International\/second-printemps-arabe-quelles-lecons-pour-lafrique\/"},"modified":"2019-04-17T15:39:23","modified_gmt":"2019-04-17T19:39:23","slug":"second-printemps-arabe-quelles-lecons-pour-lafrique","status":"publish","type":"post","link":"https:\/\/linitiative.ca\/International\/second-printemps-arabe-quelles-lecons-pour-lafrique\/","title":{"rendered":"SECOND PRINTEMPS ARABE  : Quelles le\u00e7ons pour l\u2019Afrique\u00a0?"},"content":{"rendered":"<p><img decoding=\"async\" class=\"post_layout_5_img\" src=\"http:\/\/lepays.bf\/wp-content\/uploads\/2019\/04\/Printemps-arabe.jpg\" alt=\"SECOND PRINTEMPS ARABE : Quelles le\u00e7ons pour l\u2019Afrique\u00a0?\"\/><\/p>\n<p class=\"c4\"><em>Alors que toutes les fleurs du second printemps arabe qui a eu raison d\u2019Abdelaziz Bouteflika en Alg\u00e9rie et d\u2019Omar El-B\u00e9chir au Soudan ne sont pas encore \u00e9closes en raison de la lutte que continuent de mener les peuples pour \u00e9viter la r\u00e9cup\u00e9ration de leurs r\u00e9volutions par l\u2019arm\u00e9e, l\u2019on peut d\u00e9j\u00e0 se poser des questions sur les le\u00e7ons que le reste du continent pourrait tirer de ce nouvel \u00e9pisode d\u00e9mocratique au nord de l\u2019Afrique. Si dans l\u2019ensemble, les Africains ont partag\u00e9 la fi\u00e8vre des luttes et des aspirations d\u00e9mocratiques des peuples alg\u00e9riens et soudanais, ces \u00e9v\u00e8nements ne sont pour les dictatures africaines que de l\u2019eau sur les plumes d\u2019un canard. En effet, ils sont nombreux les chefs d\u2019Etat qui, sur le continent, pensent que les trag\u00e9dies v\u00e9cues par leurs anciens homologues alg\u00e9rien et soudanais n\u2019arrivent qu\u2019aux autres.<\/em><\/p>\n<p><strong>Les dinosaures de la dictature n\u2019ont jamais achev\u00e9 leur mue<\/strong><\/p>\n<p class=\"c4\"><em>Et loin d\u2019en tirer les le\u00e7ons, certains comme le pr\u00e9sident \u00e9gyptien Al Sissi continuent de tourmenter et de saucissonner les Constitutions de leurs pays pour se frayer les boulevards d\u2019un pouvoir \u00e0 vie. Et sans nul doute b\u00e9n\u00e9ficient-ils des acquiescements de la t\u00eate de tous les autres ca\u00efmans des eaux naus\u00e9abondes de la dictature en Afrique comme Paul Biya, Denis Sassou N\u2019Guesso, Pierre Nkurunziza, Faure Gnassingb\u00e9, Theodoro Obiang Nguema, Paul Kagam\u00e9, pour ne citer que ceux-l\u00e0. Si ces tyrans des temps modernes devaient tirer des le\u00e7ons du nouveau printemps arabe en cours, ce serait, sans nul doute, se pr\u00e9cipiter pour prendre des mesures pr\u00e9ventives destin\u00e9es \u00e0 museler davantage leurs peuples afin de se mettre \u00e0 l\u2019abri de toute mauvaise surprise. Et leurs man\u0153uvres liberticides seraient rendues possibles gr\u00e2ce \u00e0 des arm\u00e9es tribales qui agissent plus comme des meutes ob\u00e9issant au doigt et \u00e0 l\u2019\u0153il de leurs ma\u00eetres que comme des gardiennes des institutions r\u00e9publicaines. La t\u00e2che de ces gardes pr\u00e9toriennes est facilit\u00e9e par des \u00e9lites intellectuelles et politiques corrompues qui n\u2019usent du pouvoir politique que comme marchepied vers les richesses de l\u2019Etat. Activant la fibre ethnique et exploitant certaines conceptions traditionnelles africaines du pouvoir qui rendent irrempla\u00e7able le prince tant qu\u2019il est vivant, ces dinosaures de la dictature ont jet\u00e9 par-dessus bord toutes dispositions en faveur de l\u2019alternance d\u00e9mocratique, aid\u00e9s souvent en cela par les int\u00e9r\u00eats \u00e9conomiques et g\u00e9ostrat\u00e9giques des grandes puissances occidentales. La v\u00e9rit\u00e9 est que tous ces loups qui se sont pr\u00e9cipit\u00e9s dans la bergerie du renouveau d\u00e9mocratique \u00e0 la faveur du discours de la Baule dans la d\u00e9cennie 90, n\u2019ont jamais v\u00e9ritablement achev\u00e9 leur mue et sont rest\u00e9s \u00e0 l\u2019\u00e9tat de nature. Et ce n\u2019est certainement pas les beaux textes de l\u2019Union Africaine sur la d\u00e9mocratie qui vont donner un coup d\u2019acc\u00e9l\u00e9rateur \u00e0 cette mue car l\u2019organisation<\/em> <em>continentale s\u2019est elle-m\u00eame taill\u00e9 la sulfureuse r\u00e9putation de syndicat de chefs d\u2019Etat l\u00e0 o\u00f9 le leitmotiv semble \u00eatre la solidarit\u00e9 dans le mal.\u00a0<\/em> <em>Les cons\u00e9quences de ces r\u00e9gimes dictatoriaux qui s\u2019\u00e9ternisent au pouvoir sont bien \u00e9videmment d\u00e9sastreuses pour le continent. Les pouvoirs sont us\u00e9s et se caract\u00e9risent par leur incapacit\u00e9 \u00e0 impulser la dynamique du d\u00e9veloppement.<\/em><\/p>\n<p><strong><em>Alg\u00e9riens et Soudanais se sont abstenus de mordre \u00e0 l\u2019app\u00e2t du jeu de chaises musicales<\/em><\/strong><\/p>\n<p class=\"c4\"><em>En lieu et place de la prosp\u00e9rit\u00e9 qu\u2019attendent les peuples, les dictateurs n\u2019offrent que guerres et famines qui semblent devenues la marque d\u00e9pos\u00e9e du continent. L\u2019autre cons\u00e9quence de ces pouvoirs \u00e0 vie est la panne de l\u2019ascenseur social. Le syst\u00e8me se reproduit, laissant en h\u00e9ritage aux populations des couches sociales d\u00e9favoris\u00e9es sous-emploi et mis\u00e8re.\u00a0<\/em> <em>Cela dit, les r\u00e9volutions dans le monde arabe ont confirm\u00e9 les nouvelles opportunit\u00e9s qui s\u2019offrent \u00e0 l\u2019Afrique dans la perspective des changements attendus et des aspirations populaires. Elles ont r\u00e9affirm\u00e9 le r\u00e9veil de la soci\u00e9t\u00e9 civile qui s\u2019est montr\u00e9e plus engag\u00e9e et plus porteuse de changements que les partis politiques traditionnels souvent ali\u00e9n\u00e9s par leurs int\u00e9r\u00eats politiques imm\u00e9diats. Elles ont surtout confirm\u00e9 le r\u00f4le de la jeunesse qui s\u2019est montr\u00e9e le fer de lance de tous les combats pour les libert\u00e9s individuelles et d\u00e9mocratiques. Le second printemps arabe a aussi montr\u00e9 la formidable puissance des technologies de la communication \u00e0 travers les r\u00e9seaux sociaux et les organes de presse en termes de contribution \u00e0 la lutte pour l\u2019enracinement de la d\u00e9mocratie sur le continent. Mais s\u2019il y a des faits qui ont \u00e9mu et s\u00e9duit au-del\u00e0 m\u00eame du continent africain : c\u2019est la maturit\u00e9 et la d\u00e9termination des peuples qui ont fait preuve d\u2019un pacifisme d\u00e9routant dans leur lutte et d\u2019une extraordinaire lucidit\u00e9 dans leurs revendications. Refusant de prendre l\u2019ombre pour la proie, Alg\u00e9riens et Soudanais se sont abstenus de mordre \u00e0 l\u2019app\u00e2t du jeu de chaises musicales pour exiger (contrairement \u00e0 ce qu\u2019on a observ\u00e9 dans d\u2019autres pays africains) la fin de syst\u00e8mes politiques vampiriques qui, des d\u00e9cennies durant, se sont repus de leur sang.<\/em> <em>En somme, l\u2019on peut dire que si les \u00e9v\u00e8nements au nord du continent ne semblent pas affecter outre mesures les dictatures sur le continent, ils auront indiqu\u00e9 le chemin \u00e0 suivre \u00e0 tous les autres peuples africains qui croupissent encore sous la f\u00e9rule de pouvoirs tyranniques scl\u00e9ros\u00e9s. Ils auront surtout montr\u00e9 qu\u2019aussi longue que soit la nuit, le soleil finit toujours par se lever. Et c\u2019est en cela que le second printemps arabe constitue un avertissement sans frais \u00e0 tous ces chefs d\u2019Etat qui se sont taill\u00e9 de douillets cocons constitutionnels et qui y dorment dans l\u2019illusion qu\u2019ils r\u00e9sisteront \u00e0 l\u2019\u00e9preuve du temps. Les exemples alg\u00e9rien et soudanais montrent \u00e0 l\u2019envi que quelle que soit la carapace constitutionnelle dont les dictateurs rev\u00eatent leur pouvoir pour le prot\u00e9ger, ils ne sauraient \u00eatre \u00e0 l\u2019abri d\u2019un douloureux r\u00e9veil en sursaut, pour peu que les peuples eux-m\u00eames ne s\u2019endorment pas.<\/em><\/p>\n<p><strong>\u00ab\u00a0Le Pays\u00a0\u00bb<\/strong><\/p>\n<p>Auteur: Le Pays<br \/>\n<a href=\"http:\/\/lepays.bf\/second-printemps-arabe-quelles-lecons-pour-lafrique\/\">Cliquez ici pour lire l&rsquo;article depuis sa source.<\/a><\/p>\n","protected":false},"excerpt":{"rendered":"<p>Alors que toutes les fleurs du second printemps arabe qui a eu raison d\u2019Abdelaziz Bouteflika en Alg\u00e9rie et d\u2019Omar El-B\u00e9chir au Soudan ne sont pas encore \u00e9closes en raison de la lutte que continuent de mener les peuples pour \u00e9viter la r\u00e9cup\u00e9ration de leurs r\u00e9volutions par l\u2019arm\u00e9e, l\u2019on peut d\u00e9j\u00e0 se poser des questions sur [&hellip;]<\/p>\n","protected":false},"author":1813,"featured_media":28454,"comment_status":"closed","ping_status":"closed","sticky":false,"template":"","format":"standard","meta":{"fifu_image_url":"","fifu_image_alt":"","footnotes":""},"categories":[73,81],"tags":[],"class_list":["post-28453","post","type-post","status-publish","format-standard","has-post-thumbnail","hentry","category-actualite","category-burkina-faso"],"_links":{"self":[{"href":"https:\/\/linitiative.ca\/International\/wp-json\/wp\/v2\/posts\/28453","targetHints":{"allow":["GET"]}}],"collection":[{"href":"https:\/\/linitiative.ca\/International\/wp-json\/wp\/v2\/posts"}],"about":[{"href":"https:\/\/linitiative.ca\/International\/wp-json\/wp\/v2\/types\/post"}],"author":[{"embeddable":true,"href":"https:\/\/linitiative.ca\/International\/wp-json\/wp\/v2\/users\/1813"}],"replies":[{"embeddable":true,"href":"https:\/\/linitiative.ca\/International\/wp-json\/wp\/v2\/comments?post=28453"}],"version-history":[{"count":0,"href":"https:\/\/linitiative.ca\/International\/wp-json\/wp\/v2\/posts\/28453\/revisions"}],"wp:featuredmedia":[{"embeddable":true,"href":"https:\/\/linitiative.ca\/International\/wp-json\/"}],"wp:attachment":[{"href":"https:\/\/linitiative.ca\/International\/wp-json\/wp\/v2\/media?parent=28453"}],"wp:term":[{"taxonomy":"category","embeddable":true,"href":"https:\/\/linitiative.ca\/International\/wp-json\/wp\/v2\/categories?post=28453"},{"taxonomy":"post_tag","embeddable":true,"href":"https:\/\/linitiative.ca\/International\/wp-json\/wp\/v2\/tags?post=28453"}],"curies":[{"name":"wp","href":"https:\/\/api.w.org\/{rel}","templated":true}]}}