{"id":28455,"date":"2019-04-17T15:44:51","date_gmt":"2019-04-17T19:44:51","guid":{"rendered":"https:\/\/linitiative.ca\/International\/mali-le-premier-ministre-soumeylou-maiga-dans-une-tempete-de-sable\/"},"modified":"2019-04-17T15:44:51","modified_gmt":"2019-04-17T19:44:51","slug":"mali-le-premier-ministre-soumeylou-maiga-dans-une-tempete-de-sable","status":"publish","type":"post","link":"https:\/\/linitiative.ca\/International\/mali-le-premier-ministre-soumeylou-maiga-dans-une-tempete-de-sable\/","title":{"rendered":"MALI. :  Le Premier ministre Soumeylou Ma\u00efga dans une temp\u00eate de sable"},"content":{"rendered":"<header>\n<\/header>\n<div class=\"entry-content clearfix\" readability=\"69\"><img decoding=\"async\" class=\"post_layout_5_img\" src=\"http:\/\/lepays.bf\/wp-content\/uploads\/2019\/04\/mali.jpg\" alt=\"MALI. : Le Premier ministre Soumeylou Ma\u00efga dans une temp\u00eate de sable\"\/><\/p>\n<p class=\"c4\"><em>C\u2019est peu de dire que le Premier ministre malien, Soumeylou Boub\u00e8ye Ma\u00efga, est pris dans une temp\u00eate de sable. Au creux de la vague depuis un certain temps, il se peut qu\u2019il soit en train de vivre ses derni\u00e8res heures \u00e0 la primature alors que des d\u00e9put\u00e9s de la majorit\u00e9 et de l\u2019opposition, au nombre d\u2019environ 90, ont d\u00e9pos\u00e9 hier une motion de censure contre lui et qui sera examin\u00e9e en pl\u00e9ni\u00e8re, en principe demain. Une situation in\u00e9dite sous nos tropiques o\u00f9 on peut compter sur le bout des doigts, ce cas de figure o\u00f9 des d\u00e9put\u00e9s du camp pr\u00e9sidentiel s\u2019allient \u00e0 leurs coll\u00e8gues de l\u2019opposition pour enclencher une proc\u00e9dure de destitution d\u2019un chef du gouvernement appartenant \u00e0 la majorit\u00e9 pr\u00e9sidentielle. Mais en attendant de voir l\u2019effet boule de sable de cette motion de censure, il faut dire que Soumeylou Ma\u00efga a r\u00e9ussi \u00e0 faire l\u2019unanimit\u00e9 contre sa propre personne. En plus de s\u2019\u00eatre mis \u00e0 dos la classe politique, opposition comme majorit\u00e9, qui demande sa d\u00e9mission, il fait \u00e9galement face au vent de fronde des leaders religieux et des organisations de la soci\u00e9t\u00e9 civile. Cern\u00e9 par deux feux, va-t-il d\u00e9cider de lui-m\u00eame, de rendre le tablier avant l\u2019examen de cette motion de censure ou attendra-t-il d\u2019\u00eatre destitu\u00e9 par le chef de l\u2019Etat\u00a0? Ou r\u00e9ussira-t-il \u00e0 retoquer ladite motion\u00a0? En tous les cas, l\u2019on se demande si Soumeylou Ma\u00efga pourra r\u00e9sister \u00e0 cette bourrasque politique. Pour l\u2019heure, il est difficile de voir clair dans ce feuilleton politique \u00e0 la malienne qui fait bouillonner le fleuve Djoliba tant cette question de la d\u00e9mission du Premier ministre exacerbe les tensions.<\/em><\/p>\n<p><strong>La pression ne baisse pas<\/strong><\/p>\n<p class=\"c4\"><em>Cens\u00e9 \u00eatre la sentinelle du pr\u00e9sident Ibrahim Boubacar Ke\u00efta (IBK) qui jusque-l\u00e0 n\u2019arrive pas \u00e0 r\u00e9soudre l\u2019\u00e9quation du Nord et du Centre du Mali, il est devenu la cible. Et malgr\u00e9 le discours du chef de l\u2019Etat \u00e0 la Nation, mardi dernier, pour donner des gages au peuple, la pression sur son Premier ministre ne baisse pas. Tout porte \u00e0 croire qu\u2019IBK a du mal \u00e0 se d\u00e9faire de celui-l\u00e0 m\u00eame qui est consid\u00e9r\u00e9 comme l\u2019un des hommes cl\u00e9 du r\u00e9gime depuis son accession \u00e0 la primature en d\u00e9cembre 2017 et qui passe pour \u00eatre non seulement l\u2019un des principaux artisans de sa r\u00e9\u00e9lection \u00e0 la pr\u00e9sidentielle d\u2019ao\u00fbt dernier, mais aussi le maillon fort de son r\u00e9gime dont certains s\u2019accordent aussi \u00e0 reconna\u00eetre l\u2019efficacit\u00e9 de l\u2019action \u00e0 la t\u00eate du gouvernement. Pour ses soutiens, il aura \u00e9t\u00e9 au charbon sur plusieurs dossiers br\u00fblants comme l\u2019ins\u00e9curit\u00e9 dans le Centre, la relance du processus de paix et la r\u00e9ouverture des discussions avec les groupes arm\u00e9s du Nord ; toutes choses qui ont certainement pes\u00e9 dans la balance en faveur de IBK. Ceux qui r\u00e9clament son d\u00e9part estiment qu\u2019il a plut\u00f4t \u00e9chou\u00e9 et ce, avec les violences meurtri\u00e8res survenues \u00e0 Ogossagou et l\u2019\u00e9bullition du front social.\u00a0<\/em> <em>Cela dit, ce n\u2019est pas la premi\u00e8re fois que Soumeylou Boub\u00e8ye Ma\u00efga est pris dans la tourmente dans le cadre de ses fonctions, sous le regard impassible de Ibrahim Boubacar Ke\u00efta. Alors nomm\u00e9 en septembre 2013 comme ministre de la D\u00e9fense et des anciens combattants, il a d\u00fb rendre les armes le 27 mai 2014 suite \u00e0 la d\u00e9faite de l&rsquo;arm\u00e9e malienne \u00e0 Kidal, face aux rebelles. Doit-on s\u2019attendre \u00e0 un remake dans les heures qui suivent ?<\/em><\/p>\n<p><strong>Drissa TRAORE<\/strong><\/p>\n<\/div>\n<p>Auteur: Le Pays<br \/>\n<a href=\"http:\/\/lepays.bf\/mali-le-premier-ministre-soumeylou-maiga-dans-une-tempete-de-sable\/\">Cliquez ici pour lire l&rsquo;article depuis sa source.<\/a><\/p>\n","protected":false},"excerpt":{"rendered":"<p>C\u2019est peu de dire que le Premier ministre malien, Soumeylou Boub\u00e8ye Ma\u00efga, est pris dans une temp\u00eate de sable. Au creux de la vague depuis un certain temps, il se peut qu\u2019il soit en train de vivre ses derni\u00e8res heures \u00e0 la primature alors que des d\u00e9put\u00e9s de la majorit\u00e9 et de l\u2019opposition, au nombre [&hellip;]<\/p>\n","protected":false},"author":1813,"featured_media":28456,"comment_status":"closed","ping_status":"closed","sticky":false,"template":"","format":"standard","meta":{"fifu_image_url":"","fifu_image_alt":"","footnotes":""},"categories":[73,81],"tags":[],"class_list":["post-28455","post","type-post","status-publish","format-standard","has-post-thumbnail","hentry","category-actualite","category-burkina-faso"],"_links":{"self":[{"href":"https:\/\/linitiative.ca\/International\/wp-json\/wp\/v2\/posts\/28455","targetHints":{"allow":["GET"]}}],"collection":[{"href":"https:\/\/linitiative.ca\/International\/wp-json\/wp\/v2\/posts"}],"about":[{"href":"https:\/\/linitiative.ca\/International\/wp-json\/wp\/v2\/types\/post"}],"author":[{"embeddable":true,"href":"https:\/\/linitiative.ca\/International\/wp-json\/wp\/v2\/users\/1813"}],"replies":[{"embeddable":true,"href":"https:\/\/linitiative.ca\/International\/wp-json\/wp\/v2\/comments?post=28455"}],"version-history":[{"count":0,"href":"https:\/\/linitiative.ca\/International\/wp-json\/wp\/v2\/posts\/28455\/revisions"}],"wp:featuredmedia":[{"embeddable":true,"href":"https:\/\/linitiative.ca\/International\/wp-json\/"}],"wp:attachment":[{"href":"https:\/\/linitiative.ca\/International\/wp-json\/wp\/v2\/media?parent=28455"}],"wp:term":[{"taxonomy":"category","embeddable":true,"href":"https:\/\/linitiative.ca\/International\/wp-json\/wp\/v2\/categories?post=28455"},{"taxonomy":"post_tag","embeddable":true,"href":"https:\/\/linitiative.ca\/International\/wp-json\/wp\/v2\/tags?post=28455"}],"curies":[{"name":"wp","href":"https:\/\/api.w.org\/{rel}","templated":true}]}}