{"id":28459,"date":"2019-04-17T15:53:05","date_gmt":"2019-04-17T19:53:05","guid":{"rendered":"https:\/\/linitiative.ca\/International\/incarceration-du-president-soudanais-dechu-grande-diversion-destinee-a-calmer-la-rue\/"},"modified":"2019-04-17T15:53:05","modified_gmt":"2019-04-17T19:53:05","slug":"incarceration-du-president-soudanais-dechu-grande-diversion-destinee-a-calmer-la-rue","status":"publish","type":"post","link":"https:\/\/linitiative.ca\/International\/incarceration-du-president-soudanais-dechu-grande-diversion-destinee-a-calmer-la-rue\/","title":{"rendered":"INCARCERATION DU PRESIDENT SOUDANAIS DECHU  :  Grande diversion destin\u00e9e \u00e0 calmer la rue\u00a0?"},"content":{"rendered":"<p><img decoding=\"async\" class=\"post_layout_5_img\" src=\"http:\/\/lepays.bf\/wp-content\/uploads\/2019\/04\/BECHIR-.jpg\" alt=\"INCARCERATION DU PRESIDENT SOUDANAIS DECHU : Grande diversion destin\u00e9e \u00e0 calmer la rue\u00a0?\"\/><\/p>\n<p><strong>Il n\u2019y a pas loin du Capitole \u00e0 la roche Tarp\u00e9ienne (<em>Arx Tarpeia Capitoli proxima)<\/em>. Derri\u00e8re les barreaux depuis hier, le pr\u00e9sident d\u00e9chu soudanais doit sans doute \u00e0 pr\u00e9sent m\u00e9diter cet aphorisme datant de l\u2019\u00e8re romaine. On peut, en effet, rapidement passer des honneurs \u00e0 la d\u00e9ch\u00e9ance, de la c\u00e9l\u00e9brit\u00e9 \u00e0 la chute*.<\/strong><\/p>\n<p class=\"c4\">Quelle chute aussi brutale que vertigineuse, que celle de l\u2019ancien ra\u00efs soudanais\u00a0!\u00a0 Les tuiles qui continuent de lui tomber sur son cr\u00e2ne d\u00e9garni de roi d\u00e9chu et nu, risquent de l\u2019abattre davantage. Il faut dire que les \u00e9v\u00e9nements ont \u00e9volu\u00e9 \u00e0 un rythme inou\u00ef au Soudan\u00a0!\u00a0 Hier seulement plac\u00e9 en r\u00e9sidence surveill\u00e9e, le voil\u00e0 \u00e0 pr\u00e9sent contraint de subir les rigueurs de la prison et, ce faisant, d\u2019abandonner ses grands boubous amidonn\u00e9s, pour enfiler le costume du d\u00e9shonneur. Quelle triste et pitoyable fin\u00a0!\u00a0 Mais qui pourrait plaindre cet homme aux mains d\u00e9goulinantes de sang, qui aura r\u00e9gn\u00e9 sans partage sur son pays trois d\u00e9cennies durant\u00a0? C\u2019est, h\u00e9las, le sort g\u00e9n\u00e9ralement r\u00e9serv\u00e9 aux satrapes. Et c\u2019est pourquoi tous autant qu\u2019ils sont, toujours agripp\u00e9s \u00e0 leur tr\u00f4ne comme l\u2019hu\u00eetre \u00e0 son rocher, qui s\u2019imaginent que le pire n\u2019arrive qu\u2019aux autres, devraient se r\u00e9soudre enfin \u00e0 se ranger du \u00ab\u00a0<em>bon c\u00f4t\u00e9 de l\u2019Histoire<\/em>\u00a0\u00bb.\u00a0 Faure Gnassingb\u00e9 du Togo, Idriss D\u00e9by Itno du Tchad, Paul Biya du Cameroun, Denis Sassou N\u2019Guesso de la R\u00e9publique du Congo, Obiang N\u2019Guema de la Guin\u00e9e Equatoriale et on en oublie, seraient bien inspir\u00e9s de prendre conscience que ce n\u2019est pas en se fossilisant au pouvoir tout en repoussant \u00e0 la Saint-Glinglin l\u2019alternance au sommet de l\u2019Etat, qu\u2019ils se pr\u00e9muniront contre toute morsure venimeuse de l\u2019Histoire. Evidemment, tous ces assoiff\u00e9s de pouvoir peuvent croire que les lames de fond contestataires qui ont r\u00e9cemment emport\u00e9 leurs homologues alg\u00e9rien et soudanais, parce qu\u2019elles ont d\u00e9ferl\u00e9 \u00e0 mille lieues de chez eux, ne les concernent nullement.<\/p>\n<p><strong>On peut \u00a0\u00a0se demander maintenant \u00a0si l\u2019on s\u2019achemine vers un proc\u00e8s<\/strong><\/p>\n<p><strong>\u00a0<\/strong><\/p>\n<p class=\"c4\"><em>Mais c\u2019est perdre de vue que les peuples africains d\u2019aujourd\u2019hui constitu\u00e9s en majorit\u00e9 de jeunes, partagent et font les m\u00eames r\u00eaves, notamment ceux de libert\u00e9 et de d\u00e9mocratie. Certes, ces princes r\u00e9gnants r\u00e9tifs \u00e0 toute id\u00e9e d\u2019alternance, peuvent continuer d\u2019\u00e9prouver un sentiment de toute-puissance, en bunkerisant leur pouvoir et en s\u2019assurant d\u2019avoir mis \u00e0 leur disposition tous les moyens de dissuasion et de r\u00e9pression possibles pour faire \u00e9chec \u00e0 toute vell\u00e9it\u00e9 populaire de faire tomber leur r\u00e9gime. Mais, en v\u00e9rit\u00e9, rien de tous ces moyens ne garantit la tranquillit\u00e9. Et les r\u00e9cents exemples sont l\u00e0 pour montrer qu\u2019un rien peut suffire \u00e0 causer la perte d\u2019un pouvoir vomi. Assur\u00e9ment, le seul moyen pour un chef d\u2019Etat de n\u2019\u00e9prouver aucune peur du lendemain, le seul antidote, c\u2019est de suivre la voie trac\u00e9e par tous ces chefs d\u2019Etat d\u00e9mocrates dans l\u2019\u00e2me, qui ont \u00a0r\u00e9alis\u00e9 \u00e0 quel point l\u2019alternance au sommet de l\u2019Etat \u00e9tait essentielle pour toute Nation et ont par cons\u00e9quent pass\u00e9 la main de bon gr\u00e9. \u00a0<\/em> <em>Cela dit et pour revenir au cas soudanais, on peut se poser la question suivante\u00a0: comment les choses ont-elles pu \u00e9voluer aussi vite pour que de sa r\u00e9sidence surveill\u00e9e, Omar el-B\u00e9chir se retrouve subitement derri\u00e8re les grilles d\u2019une prison de triste r\u00e9putation ? \u00a0Une question qui taraude d\u2019autant plus l\u2019esprit que tr\u00e8s r\u00e9cemment, l\u2019Arm\u00e9e soudanaise qui s\u2019est accapar\u00e9 du pouvoir, avait donn\u00e9 l\u2019impression de s\u2019\u00eatre impos\u00e9e une limite \u00e0 ne pas franchir et un minimum de d\u00e9cence\u00a0: ne pas livrer \u00e0 la CPI, un compagnon d\u2019hier qui, apr\u00e8s tout, aura \u00e9t\u00e9 son chef. Bref, on avait vite cru que ce que l\u2019ancien parachutiste devenu, par effraction, pr\u00e9sident en 1989, avait perdu \u00e0 l\u2019issue de son long bras de fer avec son peuple, se r\u00e9sumait juste \u00e0 son \u00e9viction du fauteuil pr\u00e9sidentiel.\u00a0 Erreur\u00a0: car en plus d\u2019avoir \u00e9t\u00e9 contraint de l\u00e2cher son tr\u00f4ne, il se voit \u00e0 pr\u00e9sent confisquer sa libert\u00e9 et qui sait ce qu\u2019il aura \u00e0 endurer encore comme \u00e9preuves\u00a0! Doit-il son incarc\u00e9ration \u00e0 des propos qu\u2019il pourrait avoir tenus en priv\u00e9, et qui auraient f\u00e2ch\u00e9 la junte militaire au pouvoir\u00a0? Ou cet emprisonnement proc\u00e8de-t-il d\u2019une grande diversion de l\u2019Arm\u00e9e destin\u00e9e \u00e0 calmer la rue toujours gonfl\u00e9e \u00e0 bloc et d\u00e9termin\u00e9e \u00e0 balayer le syst\u00e8me\u00a0? On peut, par ailleurs, se demander, maintenant que le vieux lion est \u00e9dent\u00e9 et sans crini\u00e8re en cage, si l\u2019on s\u2019achemine vers un proc\u00e8s, comme le r\u00e9clame du reste une bonne partie du peuple soudanais. Et dans un tel sc\u00e9nario, que risquerait l\u2019Arm\u00e9e si le wanted de la CPI venait \u00e0 faire le grand d\u00e9ballage\u00a0?\u00a0 En tous les cas, un jugement de Omar el-B\u00e9chir, au-del\u00e0 de sa valeur p\u00e9dagogique, serait un moindre mal pour le Soudan qui a soif de r\u00e9ponses face aux nombreuses questions qu\u2019il se pose, toutes li\u00e9es aux innombrables crimes de sang qui ont caract\u00e9ris\u00e9 les trente ann\u00e9es de r\u00e8gne el-B\u00e9chir.<\/em><\/p>\n<p class=\"c4\"><em>\u00a0<\/em><\/p>\n<p><strong>Cheick Beld\u2019hor SIGUE \u00a0<\/strong><\/p>\n<p>Auteur: Le Pays<br \/>\n<a href=\"http:\/\/lepays.bf\/incarceration-du-president-soudanais-dechu-grande-diversion-destinee-a-calmer-la-rue\/\">Cliquez ici pour lire l&rsquo;article depuis sa source.<\/a><\/p>\n","protected":false},"excerpt":{"rendered":"<p>Il n\u2019y a pas loin du Capitole \u00e0 la roche Tarp\u00e9ienne (Arx Tarpeia Capitoli proxima). Derri\u00e8re les barreaux depuis hier, le pr\u00e9sident d\u00e9chu soudanais doit sans doute \u00e0 pr\u00e9sent m\u00e9diter cet aphorisme datant de l\u2019\u00e8re romaine. On peut, en effet, rapidement passer des honneurs \u00e0 la d\u00e9ch\u00e9ance, de la c\u00e9l\u00e9brit\u00e9 \u00e0 la chute*. Quelle chute [&hellip;]<\/p>\n","protected":false},"author":1813,"featured_media":28460,"comment_status":"closed","ping_status":"closed","sticky":false,"template":"","format":"standard","meta":{"fifu_image_url":"","fifu_image_alt":"","footnotes":""},"categories":[73,81],"tags":[],"class_list":["post-28459","post","type-post","status-publish","format-standard","has-post-thumbnail","hentry","category-actualite","category-burkina-faso"],"_links":{"self":[{"href":"https:\/\/linitiative.ca\/International\/wp-json\/wp\/v2\/posts\/28459","targetHints":{"allow":["GET"]}}],"collection":[{"href":"https:\/\/linitiative.ca\/International\/wp-json\/wp\/v2\/posts"}],"about":[{"href":"https:\/\/linitiative.ca\/International\/wp-json\/wp\/v2\/types\/post"}],"author":[{"embeddable":true,"href":"https:\/\/linitiative.ca\/International\/wp-json\/wp\/v2\/users\/1813"}],"replies":[{"embeddable":true,"href":"https:\/\/linitiative.ca\/International\/wp-json\/wp\/v2\/comments?post=28459"}],"version-history":[{"count":0,"href":"https:\/\/linitiative.ca\/International\/wp-json\/wp\/v2\/posts\/28459\/revisions"}],"wp:featuredmedia":[{"embeddable":true,"href":"https:\/\/linitiative.ca\/International\/wp-json\/"}],"wp:attachment":[{"href":"https:\/\/linitiative.ca\/International\/wp-json\/wp\/v2\/media?parent=28459"}],"wp:term":[{"taxonomy":"category","embeddable":true,"href":"https:\/\/linitiative.ca\/International\/wp-json\/wp\/v2\/categories?post=28459"},{"taxonomy":"post_tag","embeddable":true,"href":"https:\/\/linitiative.ca\/International\/wp-json\/wp\/v2\/tags?post=28459"}],"curies":[{"name":"wp","href":"https:\/\/api.w.org\/{rel}","templated":true}]}}