{"id":28461,"date":"2019-04-17T15:55:54","date_gmt":"2019-04-17T19:55:54","guid":{"rendered":"https:\/\/linitiative.ca\/International\/semaine-de-raogo\/"},"modified":"2019-04-17T15:55:54","modified_gmt":"2019-04-17T19:55:54","slug":"semaine-de-raogo","status":"publish","type":"post","link":"https:\/\/linitiative.ca\/International\/semaine-de-raogo\/","title":{"rendered":"SEMAINE DE RAOGO :"},"content":{"rendered":"<header>\n<\/header>\n<div class=\"entry-content clearfix\" readability=\"49\"><img decoding=\"async\" class=\"post_layout_5_img\" src=\"http:\/\/lepays.bf\/wp-content\/uploads\/2017\/07\/lepaysresponsive.png\" alt=\"SEMAINE DE RAOGO :\"\/><\/p>\n<p class=\"c4\"><strong>COUP DE C\u0152UR<\/strong><\/p>\n<p class=\"c4\"><strong>Chapeau bas aux professeurs associ\u00e9s\u00a0!<\/strong><\/p>\n<p class=\"c4\"><em>Des hommes d\u2019affaires burkinab\u00e8 viennent d\u2019\u00eatre d\u00e9sign\u00e9s comme professeurs associ\u00e9s par l\u2019Ecole nationale d\u2019administration et de la magistrature (ENAM) pour partager leur savoir-faire avec les apprenants. Mieux, ces derniers ont d\u00e9cid\u00e9 d\u2019offrir des infrastructures et d\u2019en \u00e9quiper certaines, notamment une biblioth\u00e8que, une caf\u00e9t\u00e9ria et un amphi- th\u00e9\u00e2tre \u00e0 co\u00fbt de plusieurs centaines de millions de F CFA pour am\u00e9liorer les conditions d\u2019\u00e9tudes des futurs cadres. Chapeau bas \u00e0 ces op\u00e9rateurs \u00e9conomiques\u00a0! Vivement que d\u2019autres embo\u00eetent le pas \u00e0 ces bons samaritains.<\/em><\/p>\n<p><strong><em>COUP DE GUEULE<\/em><\/strong><\/p>\n<p><strong><em>Haro sur les m\u00e8res qui abandonnent leurs b\u00e9b\u00e9s\u00a0!<\/em><\/strong><\/p>\n<p class=\"c4\"><em>Une femme a confi\u00e9 son b\u00e9b\u00e9 \u00e0 une autre qui avait emprunt\u00e9 le m\u00eame v\u00e9hicule qu\u2019elle. Mais contre toute attente, cette m\u00e8re ind\u00e9licate a pris la cl\u00e9 des champs. C\u2019\u00e9tait le 7 avril 2019 dans le village de Zempassogo dans la province de Ganzourgou. Un tel comportement est \u00e0 bannir car l\u2019abandon d\u2019un b\u00e9b\u00e9 est un acte ignoble, voire criminel. Haro sur les m\u00e8res qui abandonnent leurs rejetons\u00a0!<\/em><\/p>\n<\/div>\n<p>Auteur: Le Pays<br \/>\n<a href=\"http:\/\/lepays.bf\/semaine-de-raogo\/\">Cliquez ici pour lire l&rsquo;article depuis sa source.<\/a><\/p>\n","protected":false},"excerpt":{"rendered":"<p>COUP DE C\u0152UR Chapeau bas aux professeurs associ\u00e9s\u00a0! Des hommes d\u2019affaires burkinab\u00e8 viennent d\u2019\u00eatre d\u00e9sign\u00e9s comme professeurs associ\u00e9s par l\u2019Ecole nationale d\u2019administration et de la magistrature (ENAM) pour partager leur savoir-faire avec les apprenants. Mieux, ces derniers ont d\u00e9cid\u00e9 d\u2019offrir des infrastructures et d\u2019en \u00e9quiper certaines, notamment une biblioth\u00e8que, une caf\u00e9t\u00e9ria et un amphi- th\u00e9\u00e2tre [&hellip;]<\/p>\n","protected":false},"author":1813,"featured_media":28462,"comment_status":"closed","ping_status":"closed","sticky":false,"template":"","format":"standard","meta":{"fifu_image_url":"","fifu_image_alt":"","footnotes":""},"categories":[73,81],"tags":[],"class_list":["post-28461","post","type-post","status-publish","format-standard","has-post-thumbnail","hentry","category-actualite","category-burkina-faso"],"_links":{"self":[{"href":"https:\/\/linitiative.ca\/International\/wp-json\/wp\/v2\/posts\/28461","targetHints":{"allow":["GET"]}}],"collection":[{"href":"https:\/\/linitiative.ca\/International\/wp-json\/wp\/v2\/posts"}],"about":[{"href":"https:\/\/linitiative.ca\/International\/wp-json\/wp\/v2\/types\/post"}],"author":[{"embeddable":true,"href":"https:\/\/linitiative.ca\/International\/wp-json\/wp\/v2\/users\/1813"}],"replies":[{"embeddable":true,"href":"https:\/\/linitiative.ca\/International\/wp-json\/wp\/v2\/comments?post=28461"}],"version-history":[{"count":0,"href":"https:\/\/linitiative.ca\/International\/wp-json\/wp\/v2\/posts\/28461\/revisions"}],"wp:featuredmedia":[{"embeddable":true,"href":"https:\/\/linitiative.ca\/International\/wp-json\/"}],"wp:attachment":[{"href":"https:\/\/linitiative.ca\/International\/wp-json\/wp\/v2\/media?parent=28461"}],"wp:term":[{"taxonomy":"category","embeddable":true,"href":"https:\/\/linitiative.ca\/International\/wp-json\/wp\/v2\/categories?post=28461"},{"taxonomy":"post_tag","embeddable":true,"href":"https:\/\/linitiative.ca\/International\/wp-json\/wp\/v2\/tags?post=28461"}],"curies":[{"name":"wp","href":"https:\/\/api.w.org\/{rel}","templated":true}]}}