{"id":28474,"date":"2019-04-17T15:18:04","date_gmt":"2019-04-17T19:18:04","guid":{"rendered":"https:\/\/linitiative.ca\/International\/le-francais-coq-sportif-nouvel-equipementier-des-lions-indomptables\/"},"modified":"2019-04-17T15:18:04","modified_gmt":"2019-04-17T19:18:04","slug":"le-francais-coq-sportif-nouvel-equipementier-des-lions-indomptables","status":"publish","type":"post","link":"https:\/\/linitiative.ca\/International\/le-francais-coq-sportif-nouvel-equipementier-des-lions-indomptables\/","title":{"rendered":"Le fran\u00e7ais Coq sportif, nouvel \u00e9quipementier des \u00abLions indomptables\u00bb"},"content":{"rendered":"<div readability=\"32\">\n<p>Publi\u00e9 le 17.04.2019 \u00e0 20h18 par APA News<\/p>\n<\/div>\n<div readability=\"53\">\n<p>La F\u00e9d\u00e9ration camerounaise de football (Fecafoot) a indirectement annonc\u00e9, mercredi sur les r\u00e9seaux sociaux, la conclusion d\u2019un contrat avec l\u2019\u00e9quipementier fran\u00e7ais Le Coq sportif \u00e0 travers un teasing repr\u00e9sentant les logos du dernier cit\u00e9 et de la s\u00e9lection de football accompagn\u00e9s de ce message : \u00abConnaissez-vous la fable du coq et du lion ? Restez connect\u00e9s\u2026\u00bbCe message sibyllin a suffi pour que les internautes comprennent que l\u2019entreprise fran\u00e7aise venait de remplacer la firme allemande Puma, dont le contrat avec le Cameroun a expir\u00e9 en fin 2018 apr\u00e8s une vingtaine d\u2019ann\u00e9es de collaboration.<\/p>\n<p>En f\u00e9vrier dernier le pr\u00e9sident de la Fecafoot, Seidou Mbombo Njoya avait, au terme d\u2019une entrevue avec les responsables de Puma \u00e0 Paris, d\u00e9clar\u00e9 que les deux partenaires n\u2019\u00e9taient \u00abpas parvenus \u00e0 un accord\u00bb, indiquant que son institution \u00abreste ouverte \u00e0 toutes les discussions pour choisir son \u00e9quipementier\u00bb.<\/p>\n<p><ins data-revive-zoneid=\"9\" data-revive-id=\"10111e19d28d19d031742ee3b0b33eb0\"\/> <\/p>\n<p>On rappelle que les \u00abLions indomptables\u00bb, quintuples champions continentaux, doivent d\u00e9fendre leur titre en juin prochain \u00e0 l\u2019occasion de la Coupe d\u2019Afrique des nations (CAN) qu\u2019accueille l\u2019\u00c9gypte.<\/p>\n<\/div>\n<p>Auteur: APA News<br \/>\n<a href=\"https:\/\/www.journalducameroun.com\/fr\/le-francais-coq-sportif-nouvel-equipementier-des-lions-indomptables\/\">Cliquez ici pour lire l&rsquo;article depuis sa source.<\/a><\/p>\n","protected":false},"excerpt":{"rendered":"<p>Publi\u00e9 le 17.04.2019 \u00e0 20h18 par APA News La F\u00e9d\u00e9ration camerounaise de football (Fecafoot) a indirectement annonc\u00e9, mercredi sur les r\u00e9seaux sociaux, la conclusion d\u2019un contrat avec l\u2019\u00e9quipementier fran\u00e7ais Le Coq sportif \u00e0 travers un teasing repr\u00e9sentant les logos du dernier cit\u00e9 et de la s\u00e9lection de football accompagn\u00e9s de ce message : \u00abConnaissez-vous la [&hellip;]<\/p>\n","protected":false},"author":1965,"featured_media":0,"comment_status":"closed","ping_status":"closed","sticky":false,"template":"","format":"standard","meta":{"fifu_image_url":"","fifu_image_alt":"","footnotes":""},"categories":[73,82],"tags":[],"class_list":["post-28474","post","type-post","status-publish","format-standard","hentry","category-actualite","category-cameroun"],"_links":{"self":[{"href":"https:\/\/linitiative.ca\/International\/wp-json\/wp\/v2\/posts\/28474","targetHints":{"allow":["GET"]}}],"collection":[{"href":"https:\/\/linitiative.ca\/International\/wp-json\/wp\/v2\/posts"}],"about":[{"href":"https:\/\/linitiative.ca\/International\/wp-json\/wp\/v2\/types\/post"}],"author":[{"embeddable":true,"href":"https:\/\/linitiative.ca\/International\/wp-json\/wp\/v2\/users\/1965"}],"replies":[{"embeddable":true,"href":"https:\/\/linitiative.ca\/International\/wp-json\/wp\/v2\/comments?post=28474"}],"version-history":[{"count":0,"href":"https:\/\/linitiative.ca\/International\/wp-json\/wp\/v2\/posts\/28474\/revisions"}],"wp:attachment":[{"href":"https:\/\/linitiative.ca\/International\/wp-json\/wp\/v2\/media?parent=28474"}],"wp:term":[{"taxonomy":"category","embeddable":true,"href":"https:\/\/linitiative.ca\/International\/wp-json\/wp\/v2\/categories?post=28474"},{"taxonomy":"post_tag","embeddable":true,"href":"https:\/\/linitiative.ca\/International\/wp-json\/wp\/v2\/tags?post=28474"}],"curies":[{"name":"wp","href":"https:\/\/api.w.org\/{rel}","templated":true}]}}