{"id":28475,"date":"2019-04-17T15:50:01","date_gmt":"2019-04-17T19:50:01","guid":{"rendered":"https:\/\/linitiative.ca\/International\/18h50-les-cloches-resonnent-a-lunisson-pour-notre-dame-de-paris\/"},"modified":"2019-04-17T15:50:01","modified_gmt":"2019-04-17T19:50:01","slug":"18h50-les-cloches-resonnent-a-lunisson-pour-notre-dame-de-paris","status":"publish","type":"post","link":"https:\/\/linitiative.ca\/International\/18h50-les-cloches-resonnent-a-lunisson-pour-notre-dame-de-paris\/","title":{"rendered":"18H50 : les cloches r\u00e9sonnent \u00e0 l\u2019unisson pour Notre-Dame de Paris"},"content":{"rendered":"<div readability=\"32\">\n<p>Publi\u00e9 le 17.04.2019 \u00e0 20h50 par AFP<\/p>\n<\/div>\n<div readability=\"145\">\n<p>Mercredi 18h50: \u00e0 l\u2019heure exacte \u00e0 laquelle a d\u00e9but\u00e9 lundi le terrible incendie qui a d\u00e9vast\u00e9 Notre-Dame de Paris, \u00ab\u00a0Marie-Jos\u00e9phine\u00a0\u00bb, le bourdon de la basilique Notre-Dame-de-la Garde \u00e0 Marseille, retentit, \u00e0 l\u2019instar des cloches des cath\u00e9drales fran\u00e7aises, de Rennes \u00e0 Saint-Denis-de-la-R\u00e9union.<\/p>\n<p>En \u00ab\u00a0solidarit\u00e9 avec le dioc\u00e8se de Paris\u00a0\u00bb, la Conf\u00e9rence des \u00e9v\u00eaques de France avait annonc\u00e9 sur Twitter que toutes les cloches des cath\u00e9drales de France sonneraient \u00e0 cette heure-l\u00e0. D\u2019autres cath\u00e9drales europ\u00e9ennes, comme en Pologne ou \u00e0 Prague, devaient faire de m\u00eame.<\/p>\n<p>A Rennes, \u00e0 l\u2019heure dite, la cath\u00e9drale Saint-Pierre est archi-pleine quand les cloches carillonnent. Dans la foule, des repr\u00e9sentants des communaut\u00e9s protestante, juive et musulmane. \u00ab\u00a0On vient t\u00e9moigner notre solidarit\u00e9 \u00e0 la communaut\u00e9 catholique\u00a0\u00bb, d\u00e9clare le pr\u00e9sident du Conseil r\u00e9gional du culte musulman, Mohamed Za\u00efdouni.<\/p>\n<p>Au m\u00eame moment, \u00e0 Reims, 300 \u00e0 400 personnes sont devant la cath\u00e9drale Notre-Dame. Quelques instants de recueillement puis des applaudissements nourris quand les cloches se taisent.<\/p>\n<p>Applaudissements aussi \u00e0 Saint-Denis-de la R\u00e9union, avec deux heures d\u2019avance en raison du d\u00e9calage horaire, apr\u00e8s cinq minutes de carillons.<\/p>\n<p>Partout, les images de Notre-Dame en feu ont soulev\u00e9 une immense \u00e9motion. \u00ab\u00a0C\u2019est comme si la Bonne m\u00e8re se mettait \u00e0 br\u00fbler. M\u00eame si je ne suis pas croyante \u00e7a fait de la peine\u00a0\u00bb, t\u00e9moigne Marjorie, 45 ans qui s\u2019est rendue \u00e0 Notre-Dame de la Garde, qui surplombe Marseille.<\/p>\n<p>\u00ab\u00a0Si \u00e7a peut amener de la communion dont on a tous besoin, qu\u2019on soit croyant ou que nous ne croyions pas au ciel, je pense que c\u2019est quelque chose de tout \u00e0 fait fondamental, qui nous donne un peu de souffle\u00a0\u00bb, commente Laurent Chanignon, membre du dioc\u00e8se, sur le parvis en sortant d\u2019une messe consacr\u00e9e \u00e0 Notre-Dame de Paris.<\/p>\n<p>\u00ab\u00a0Pour nous chr\u00e9tiens, c\u2019est quelque chose de tr\u00e8s parlant, c\u2019est la semaine sainte qui m\u00e8ne vers la r\u00e9surrection, donc peut \u00eatre que c\u2019est une r\u00e9surrection\u00a0\u00bb, poursuit ce catholique pratiquant.<\/p>\n<p><ins data-revive-zoneid=\"9\" data-revive-id=\"10111e19d28d19d031742ee3b0b33eb0\"\/> <\/p>\n<p>\u2013 \u00ab\u00a0une vraie catastrophe\u00a0\u00bb \u2013<\/p>\n<p>\u00ab\u00a0Notre-Dame c\u2019est \u00e0 la fois l\u2019Eglise et la R\u00e9publique\u00a0\u00bb, estime Jean, 75 ans, venu se recueillir au son du bourdon sur le parvis de la cath\u00e9drale Sainte-C\u00e9cile \u00e0 Albi, class\u00e9e patrimoine de l\u2019humanit\u00e9 par l\u2019Unesco.<\/p>\n<p>A Lille, \u00e0 18h50, une trentaine de personnes sont debout, \u00e9mues, tourn\u00e9es vers la cath\u00e9drale Notre-Dame de la Treille. Plusieurs dizaines d\u2019autres, attabl\u00e9es en terrasse ou pass\u00e9es par hasard, l\u00e8vent les yeux et interrompent leurs conversations.<\/p>\n<p>\u00ab\u00a0Nous avons habit\u00e9 la r\u00e9gion parisienne et \u00e9tions tr\u00e8s attach\u00e9s \u00e0 ce monument vraiment exceptionnel. On a \u00e9t\u00e9 tr\u00e8s touch\u00e9s et tr\u00e8s tristes quand on a compris que ce n\u2019\u00e9tait pas un petit incendie mais une vraie catastrophe\u00a0\u00bb, raconte Fran\u00e7ois Lammin, 63 ans, venu avec sa compagne se recueillir. Originaires du Sud et de passage \u00e0 Lille, le couple passera par Paris, sur le chemin du retour, car \u00ab\u00a0m\u00eame si nous ne sommes pas particuli\u00e8rement croyants nous voulons lui rendre hommage\u00a0\u00bb.<\/p>\n<p>A Bordeaux, quelques centaines d\u2019habitants, certains sortant du travail, et de nombreux touristes se sont immobilis\u00e9s pendant dix minutes, le temps d\u2019entendre les trois cloches et le bourdon de la Tour Pey-Berland du 15e si\u00e8cle.<\/p>\n<p>A la cath\u00e9drale Saint-Pierre-et-Saint-Paul de Nantes, St\u00e9phane Girard, mormon, est venu avec sa femme et ses trois petites filles, tous \u00e0 v\u00e9lo, parce que \u00ab\u00a0c\u2019\u00e9tait la chose la chose la plus importante \u00e0 faire\u00a0\u00bb. Environ 150 personnes sont rassembl\u00e9es sur le parvis, \u00e0 l\u2019\u00e9coute des cloches. Puis un trompettiste amateur entame l\u2019Ave Maria.<\/p>\n<\/div>\n<p>Auteur: AFP<br \/>\n<a href=\"https:\/\/www.journalducameroun.com\/fr\/18h50-les-cloches-resonnent-a-lunisson-pour-notre-dame-de-paris\/\">Cliquez ici pour lire l&rsquo;article depuis sa source.<\/a><\/p>\n","protected":false},"excerpt":{"rendered":"<p>Publi\u00e9 le 17.04.2019 \u00e0 20h50 par AFP Mercredi 18h50: \u00e0 l\u2019heure exacte \u00e0 laquelle a d\u00e9but\u00e9 lundi le terrible incendie qui a d\u00e9vast\u00e9 Notre-Dame de Paris, \u00ab\u00a0Marie-Jos\u00e9phine\u00a0\u00bb, le bourdon de la basilique Notre-Dame-de-la Garde \u00e0 Marseille, retentit, \u00e0 l\u2019instar des cloches des cath\u00e9drales fran\u00e7aises, de Rennes \u00e0 Saint-Denis-de-la-R\u00e9union. En \u00ab\u00a0solidarit\u00e9 avec le dioc\u00e8se de Paris\u00a0\u00bb, [&hellip;]<\/p>\n","protected":false},"author":1965,"featured_media":0,"comment_status":"closed","ping_status":"closed","sticky":false,"template":"","format":"standard","meta":{"fifu_image_url":"","fifu_image_alt":"","footnotes":""},"categories":[73,82],"tags":[],"class_list":["post-28475","post","type-post","status-publish","format-standard","hentry","category-actualite","category-cameroun"],"_links":{"self":[{"href":"https:\/\/linitiative.ca\/International\/wp-json\/wp\/v2\/posts\/28475","targetHints":{"allow":["GET"]}}],"collection":[{"href":"https:\/\/linitiative.ca\/International\/wp-json\/wp\/v2\/posts"}],"about":[{"href":"https:\/\/linitiative.ca\/International\/wp-json\/wp\/v2\/types\/post"}],"author":[{"embeddable":true,"href":"https:\/\/linitiative.ca\/International\/wp-json\/wp\/v2\/users\/1965"}],"replies":[{"embeddable":true,"href":"https:\/\/linitiative.ca\/International\/wp-json\/wp\/v2\/comments?post=28475"}],"version-history":[{"count":0,"href":"https:\/\/linitiative.ca\/International\/wp-json\/wp\/v2\/posts\/28475\/revisions"}],"wp:attachment":[{"href":"https:\/\/linitiative.ca\/International\/wp-json\/wp\/v2\/media?parent=28475"}],"wp:term":[{"taxonomy":"category","embeddable":true,"href":"https:\/\/linitiative.ca\/International\/wp-json\/wp\/v2\/categories?post=28475"},{"taxonomy":"post_tag","embeddable":true,"href":"https:\/\/linitiative.ca\/International\/wp-json\/wp\/v2\/tags?post=28475"}],"curies":[{"name":"wp","href":"https:\/\/api.w.org\/{rel}","templated":true}]}}