{"id":28477,"date":"2019-04-17T16:50:02","date_gmt":"2019-04-17T20:50:02","guid":{"rendered":"https:\/\/linitiative.ca\/International\/garcia-le-phenix-de-la-politique-peruvienne-a-la-fin-dramatique\/"},"modified":"2019-04-17T16:50:02","modified_gmt":"2019-04-17T20:50:02","slug":"garcia-le-phenix-de-la-politique-peruvienne-a-la-fin-dramatique","status":"publish","type":"post","link":"https:\/\/linitiative.ca\/International\/garcia-le-phenix-de-la-politique-peruvienne-a-la-fin-dramatique\/","title":{"rendered":"Garcia, le ph\u00e9nix de la politique p\u00e9ruvienne \u00e0 la fin dramatique"},"content":{"rendered":"<div readability=\"32\">\n<p>Publi\u00e9 le 17.04.2019 \u00e0 21h50 par AFP<\/p>\n<\/div>\n<div readability=\"147\">\n<p>Colosse charismatique d\u20191m90, il haranguait les foules comme personne, mais son bilan \u00e0 la t\u00eate du P\u00e9rou \u00e9tait contest\u00e9 : l\u2019ancien pr\u00e9sident Alan Garcia, \u00e9clabouss\u00e9 dans un scandale de corruption, a mis fin \u00e0 ses jours mercredi \u00e0 69 ans.<\/p>\n<p>En plus de quarante ans de carri\u00e8re politique, \u00ab\u00a0Alan\u00a0\u00bb, comme le surnommaient les P\u00e9ruviens, n\u2019avait jusqu\u2019ici jamais eu maille \u00e0 partir avec la justice.<\/p>\n<p>D\u00e9but 2017, son nom a commenc\u00e9 \u00e0 \u00eatre associ\u00e9 au tentaculaire dossier Odebrecht, du nom du g\u00e9ant br\u00e9silien de BTP qui a vers\u00e9 durant plus d\u2019une d\u00e9cennie 788 millions de dollars \u00e0 travers l\u2019Am\u00e9rique latine pour remporter des appels d\u2019offres.<\/p>\n<p>Le groupe a admis avoir vers\u00e9 au P\u00e9rou 29 millions de dollars entre 2005 et 2014 sous les mandats de trois pr\u00e9sidents, Alejandro Toledo, Alan Garcia et Ollanta Humala.<\/p>\n<p>D\u00e8s lors dans le collimateur de la justice p\u00e9ruvienne, Alan Garcia semble mal vivre cette situation : malgr\u00e9 son large sourire crisp\u00e9, il perd son calme devant les cam\u00e9ras. \u00ab\u00a0Prouvez-le donc bande d\u2019imb\u00e9ciles ! Trouvez quelque chose!\u00a0\u00bb, lance-t-il d\u00e9fiant fin 2018.<\/p>\n<p>La presse venait de r\u00e9v\u00e9ler qu\u2019il aurait re\u00e7u 100.000 dollars \u2013 provenant de fonds ill\u00e9gaux d\u2019Odebrecht \u2013 en paiement d\u2019une conf\u00e9rence donn\u00e9e devant des entrepreneurs br\u00e9siliens \u00e0 San Paulo en mai 2012.<\/p>\n<p>Craignant une fuite \u00e0 l\u2019\u00e9tranger, la justice lui interdit de quitter le territoire. Mi-novembre, il demande l\u2019asile \u00e0 l\u2019Uruguay en restant 16 jours dans l\u2019ambassade de ce pays \u00e0 Lima. Montevideo rejette sa demande apr\u00e8s examen de son dossier.<\/p>\n<p>Nombre de P\u00e9ruviens lui vouaient une haine tenace pour sa gestion d\u00e9sastreuse durant son premier mandat pr\u00e9sidentiel (1985-1990) quand l\u2019inflation atteignait des sommets. Cette p\u00e9riode noire reste pour les P\u00e9ruviens de cette g\u00e9n\u00e9ration toujours synonyme de corruption et de chaos \u00e9conomique.<\/p>\n<p>Le P\u00e9rou des ann\u00e9es 1990 est aussi en proie \u00e0 une situation d\u2019instabilit\u00e9 et de guerre civile, avec une mont\u00e9e fulgurante et sanglante du terrorisme (Sentier lumineux) et de nombreuses violations des droits humains par les forces gouvernementales.<\/p>\n<p>\u2013 \u00ab\u00a0Cheval fou\u00a0\u00bb \u2013<\/p>\n<p><ins data-revive-zoneid=\"9\" data-revive-id=\"10111e19d28d19d031742ee3b0b33eb0\"\/> <\/p>\n<p>Apr\u00e8s avoir essuy\u00e9 une cinglante d\u00e9faite en 2001 contre Alejandro Toledo, l\u2019infatigable colosse remonte sur les estrades la fois d\u2019apr\u00e8s. Il y danse parfois et charme ses sympathisants gr\u00e2ce \u00e0 ses talents de tribun hors pair. En raison de son impulsivit\u00e9, certains le surnomm\u00e9 le \u00ab\u00a0cheval fou\u00a0\u00bb.<\/p>\n<p>Conscient de la n\u00e9cessit\u00e9 de rompre avec le pass\u00e9, il fait son mea culpa et reconna\u00eet lors de la campagne \u00e9lectorale de 2006 \u2013 comme la pr\u00e9c\u00e9dente \u2013 avoir commis de graves erreurs, \u00e9conomiques principalement. Il s\u2019en excuse et demande \u00ab\u00a0pardon aux P\u00e9ruviens\u00a0\u00bb, laissant entendre que l\u2019exp\u00e9rience acquise lui permettrait de ne plus commettre de telles fautes.<\/p>\n<p>Affirmant \u00eatre le seul \u00e0 pouvoir barrer la route de la pr\u00e9sidence au militaire nationaliste Ollanta Humala, alors vu comme le poulain du pr\u00e9sident v\u00e9n\u00e9zu\u00e9lien Hugo Chavez (1999-2013), il est finalement r\u00e9\u00e9lu. Cette renaissance lui vaut une r\u00e9putation de survivant politique.<\/p>\n<p>Malgr\u00e9 un second mandat d\u2019inspiration lib\u00e9rale jug\u00e9 mieux r\u00e9ussi par les analystes, il restait l\u2019homme politique le plus impopulaire du pays, avec un taux de rejet de 80%, selon les soudages de ces derniers mois.<\/p>\n<p>N\u00e9 en 1949 \u00e0 Lima, dans une famille de la classe moyenne et de militants du parti social-d\u00e9mocrate APRA, Alan Garcia devient en 1978 le plus jeune d\u00e9put\u00e9 \u00e9lu \u00e0 l\u2019Assembl\u00e9e Constituante, puis le plus jeune pr\u00e9sident du P\u00e9rou, \u00e0 36 ans en 1985.<\/p>\n<p>Longtemps, il a b\u00e9n\u00e9fici\u00e9 de l\u2019aura du pers\u00e9cut\u00e9 politique, acquise lorsque, recherch\u00e9 par la police du pr\u00e9sident Alberto Fujimori en 1992, il s\u2019enfuit par les toits de sa maison pour gagner l\u2019ambassade de Colombie.<\/p>\n<p>R\u00e9fugi\u00e9 un temps \u00e0 Bogota, il s\u2019installe ensuite en France, o\u00f9 il effectue une partie de ses \u00e9tudes, compl\u00e9t\u00e9es \u00e0 Madrid par un doctorat en droit afin de devenir avocat.<\/p>\n<p>Parlant parfaitement fran\u00e7ais, Alan Garcia s\u2019est li\u00e9 \u00e0 Paris avec la famille Mitterrand et a re\u00e7u durant son exil le soutien du Parti socialiste fran\u00e7ais.<\/p>\n<p>Ce p\u00e8re de six enfants, issus de trois relations diff\u00e9rentes, avait aussi un petit-fils. Ces derniers temps, il vivait entre Lima et Madrid, o\u00f9 r\u00e9sidait son actuelle compagne, m\u00e8re du plus jeune de ses fils.<\/p>\n<\/div>\n<p>Auteur: AFP<br \/>\n<a href=\"https:\/\/www.journalducameroun.com\/fr\/garcia-le-phenix-de-la-politique-peruvienne-a-la-fin-dramatique\/\">Cliquez ici pour lire l&rsquo;article depuis sa source.<\/a><\/p>\n","protected":false},"excerpt":{"rendered":"<p>Publi\u00e9 le 17.04.2019 \u00e0 21h50 par AFP Colosse charismatique d\u20191m90, il haranguait les foules comme personne, mais son bilan \u00e0 la t\u00eate du P\u00e9rou \u00e9tait contest\u00e9 : l\u2019ancien pr\u00e9sident Alan Garcia, \u00e9clabouss\u00e9 dans un scandale de corruption, a mis fin \u00e0 ses jours mercredi \u00e0 69 ans. En plus de quarante ans de carri\u00e8re politique, [&hellip;]<\/p>\n","protected":false},"author":1965,"featured_media":0,"comment_status":"closed","ping_status":"closed","sticky":false,"template":"","format":"standard","meta":{"fifu_image_url":"","fifu_image_alt":"","footnotes":""},"categories":[73,82],"tags":[],"class_list":["post-28477","post","type-post","status-publish","format-standard","hentry","category-actualite","category-cameroun"],"_links":{"self":[{"href":"https:\/\/linitiative.ca\/International\/wp-json\/wp\/v2\/posts\/28477","targetHints":{"allow":["GET"]}}],"collection":[{"href":"https:\/\/linitiative.ca\/International\/wp-json\/wp\/v2\/posts"}],"about":[{"href":"https:\/\/linitiative.ca\/International\/wp-json\/wp\/v2\/types\/post"}],"author":[{"embeddable":true,"href":"https:\/\/linitiative.ca\/International\/wp-json\/wp\/v2\/users\/1965"}],"replies":[{"embeddable":true,"href":"https:\/\/linitiative.ca\/International\/wp-json\/wp\/v2\/comments?post=28477"}],"version-history":[{"count":0,"href":"https:\/\/linitiative.ca\/International\/wp-json\/wp\/v2\/posts\/28477\/revisions"}],"wp:attachment":[{"href":"https:\/\/linitiative.ca\/International\/wp-json\/wp\/v2\/media?parent=28477"}],"wp:term":[{"taxonomy":"category","embeddable":true,"href":"https:\/\/linitiative.ca\/International\/wp-json\/wp\/v2\/categories?post=28477"},{"taxonomy":"post_tag","embeddable":true,"href":"https:\/\/linitiative.ca\/International\/wp-json\/wp\/v2\/tags?post=28477"}],"curies":[{"name":"wp","href":"https:\/\/api.w.org\/{rel}","templated":true}]}}