{"id":28478,"date":"2019-04-17T17:18:07","date_gmt":"2019-04-17T21:18:07","guid":{"rendered":"https:\/\/linitiative.ca\/International\/athletisme-u18-u20-le-maroc-enleve-la-premiere-medaille-dor-de-la-competition\/"},"modified":"2019-04-17T17:18:07","modified_gmt":"2019-04-17T21:18:07","slug":"athletisme-u18-u20-le-maroc-enleve-la-premiere-medaille-dor-de-la-competition","status":"publish","type":"post","link":"https:\/\/linitiative.ca\/International\/athletisme-u18-u20-le-maroc-enleve-la-premiere-medaille-dor-de-la-competition\/","title":{"rendered":"Athl\u00e9tisme U18-U20 : le Maroc enl\u00e8ve la premi\u00e8re m\u00e9daille d\u2019or de la comp\u00e9tition"},"content":{"rendered":"<div readability=\"32\">\n<p>Publi\u00e9 le 17.04.2019 \u00e0 22h18 par APA News<\/p>\n<\/div>\n<div readability=\"61\">\n<p>Le Maroc a remport\u00e9 la premi\u00e8re m\u00e9daille d\u2019or des 3\u00e8 et 14\u00e8 championnats d\u2019Afrique d\u2019athl\u00e9tisme des U18-U20 qui se d\u00e9roulent \u00e0 Abidjan, gr\u00e2ce \u00e0 la victoire de son athl\u00e8te Meryem Azour en finale du 1500 m U18 filles.Avec un chrono de 4\u201920\u00a0\u00bb14, Meryem Azour offre la premi\u00e8re m\u00e9daille d\u2019or de ces championnats \u00e0 son pays, le Maroc devant la Kenyane Nyva Janet qui r\u00e9colte l\u2019argent avec un chrono de 4\u201920\u00a0\u00bb43. \u00a0Tilahunalimaz Girma de l\u2019Ethiopie compl\u00e8te le podium avec 4\u201921\u00a0\u00bb97.<\/p>\n<p>\u00ab Je suis tr\u00e8s contente de remporter la premi\u00e8re m\u00e9daille des championnats. C\u2019est ma premi\u00e8re participation \u00e0 un championnat et je gagne l\u2019or. Je suis heureuse \u00bb, jubile la championne arborant, fi\u00e8rement, le drapeau marocain.<\/p>\n<p>Les \u00e9preuves ont d\u00e9but\u00e9, mardi, avec le saut en hauteur, le triple saut et le parcours (400, 1500, les 3000, 10.000 m et les s\u00e9ries de 100 m\u00e8tres).<\/p>\n<p><ins data-revive-zoneid=\"9\" data-revive-id=\"10111e19d28d19d031742ee3b0b33eb0\"\/> <\/p>\n<p>\u00a0Chez les gar\u00e7ons de la m\u00eame cat\u00e9gorie, toujours au 1500m, Vincent Keter du Kenya est mont\u00e9 sur la plus haute marche du podium apr\u00e8s sa victoire avec un chrono de 3\u201940\u00a0\u00bb29 suivi de ses compatriotes, Esaie Louis (argent) et \u00a0Peter Wangari (Bronze).<\/p>\n<\/div>\n<p>Auteur: APA News<br \/>\n<a href=\"https:\/\/www.journalducameroun.com\/fr\/athletisme-u18-u20-le-maroc-enleve-la-premiere-medaille-dor-de-la-competition\/\">Cliquez ici pour lire l&rsquo;article depuis sa source.<\/a><\/p>\n","protected":false},"excerpt":{"rendered":"<p>Publi\u00e9 le 17.04.2019 \u00e0 22h18 par APA News Le Maroc a remport\u00e9 la premi\u00e8re m\u00e9daille d\u2019or des 3\u00e8 et 14\u00e8 championnats d\u2019Afrique d\u2019athl\u00e9tisme des U18-U20 qui se d\u00e9roulent \u00e0 Abidjan, gr\u00e2ce \u00e0 la victoire de son athl\u00e8te Meryem Azour en finale du 1500 m U18 filles.Avec un chrono de 4\u201920\u00a0\u00bb14, Meryem Azour offre la premi\u00e8re [&hellip;]<\/p>\n","protected":false},"author":1965,"featured_media":0,"comment_status":"closed","ping_status":"closed","sticky":false,"template":"","format":"standard","meta":{"fifu_image_url":"","fifu_image_alt":"","footnotes":""},"categories":[73,82],"tags":[],"class_list":["post-28478","post","type-post","status-publish","format-standard","hentry","category-actualite","category-cameroun"],"_links":{"self":[{"href":"https:\/\/linitiative.ca\/International\/wp-json\/wp\/v2\/posts\/28478","targetHints":{"allow":["GET"]}}],"collection":[{"href":"https:\/\/linitiative.ca\/International\/wp-json\/wp\/v2\/posts"}],"about":[{"href":"https:\/\/linitiative.ca\/International\/wp-json\/wp\/v2\/types\/post"}],"author":[{"embeddable":true,"href":"https:\/\/linitiative.ca\/International\/wp-json\/wp\/v2\/users\/1965"}],"replies":[{"embeddable":true,"href":"https:\/\/linitiative.ca\/International\/wp-json\/wp\/v2\/comments?post=28478"}],"version-history":[{"count":0,"href":"https:\/\/linitiative.ca\/International\/wp-json\/wp\/v2\/posts\/28478\/revisions"}],"wp:attachment":[{"href":"https:\/\/linitiative.ca\/International\/wp-json\/wp\/v2\/media?parent=28478"}],"wp:term":[{"taxonomy":"category","embeddable":true,"href":"https:\/\/linitiative.ca\/International\/wp-json\/wp\/v2\/categories?post=28478"},{"taxonomy":"post_tag","embeddable":true,"href":"https:\/\/linitiative.ca\/International\/wp-json\/wp\/v2\/tags?post=28478"}],"curies":[{"name":"wp","href":"https:\/\/api.w.org\/{rel}","templated":true}]}}