{"id":28479,"date":"2019-04-17T17:18:09","date_gmt":"2019-04-17T21:18:09","guid":{"rendered":"https:\/\/linitiative.ca\/International\/cote-divoire-inauguration-dun-centre-africain-de-formation-sur-le-changement-climatique-et-lagriculture\/"},"modified":"2019-04-17T17:18:09","modified_gmt":"2019-04-17T21:18:09","slug":"cote-divoire-inauguration-dun-centre-africain-de-formation-sur-le-changement-climatique-et-lagriculture","status":"publish","type":"post","link":"https:\/\/linitiative.ca\/International\/cote-divoire-inauguration-dun-centre-africain-de-formation-sur-le-changement-climatique-et-lagriculture\/","title":{"rendered":"C\u00f4te d\u2019Ivoire: Inauguration d\u2019un centre africain de formation sur le changement climatique et l\u2019agriculture"},"content":{"rendered":"<div readability=\"32\">\n<p>Publi\u00e9 le 17.04.2019 \u00e0 22h18 par APA News<\/p>\n<\/div>\n<div readability=\"84\">\n<p>La directrice g\u00e9n\u00e9rale du Groupe de la Banque mondiale, Kristalina Georgieva, a inaugur\u00e9 mercredi un Centre d\u2019excellence africain d\u00e9di\u00e9 \u00e0 la formation sur le changement climatique, la biodiversit\u00e9 et l\u2019agriculture durable d\u2019un co\u00fbt de 37,73 milliards Fcfa, \u00e0 Bingerville, \u00e0 l\u2019Est d\u2019Abidjan.Elle avait \u00e0 ses c\u00f4t\u00e9s le ministre de l\u2019Enseignement sup\u00e9rieur et de la recherche scientifique, Toikeusse Mabri, qui a salu\u00e9 le groupe de la Banque mondiale pour la r\u00e9alisation de ce centre d\u2019excellence, le troisi\u00e8me, qui devrait permettre de soutenir la transformation et la conservation des produits agricoles.\u00a0<\/p>\n<p>La C\u00f4te d\u2019Ivoire, une puissance agricole r\u00e9gionale, veut anticiper sur les bouleversements climatiques. Le pays, premier producteur mondial de cacao et de noix de cajou, envisage d\u2019optimiser la recherche \u00a0afin d\u2019avoir un impact sur le rendement de ses productions agricoles. \u00a0<\/p>\n<p>Mme Kristalina Georgieva, s\u2019est dite \u00ab tr\u00e8s impressionn\u00e9e du dynamisme entrepreneurial des femmes ivoiriennes, lors d\u2019une visite d\u2019un stand pr\u00e9sentant des produits innovants bruts ou transform\u00e9s, ainsi que \u00a0l\u2019\u00e9nergie autour de l\u2019autonomisation des femmes.<\/p>\n<p>Elle est par ailleurs pr\u00e9sente en C\u00f4te d\u2019Ivoire dans le cadre du premier Sommet r\u00e9gional de l\u2019Initiative de financement en faveur des femmes entrepreneurs (We-Fi) en Afrique de l\u2019Ouest, qui a enregistr\u00e9 la participation de Ivanka Trump, la fille de Donald Trump.<\/p>\n<p><ins data-revive-zoneid=\"9\" data-revive-id=\"10111e19d28d19d031742ee3b0b33eb0\"\/> <\/p>\n<p>La Banque mondiale, dira-t-elle, est pr\u00eate \u00e0 investir davantage pour appuyer le capital humain en C\u00f4te d\u2019Ivoire notamment l\u2019\u00e9ducation, la sant\u00e9 et l\u2019agriculture. Aujourd\u2019hui, la banque a \u00ab un portefeuille de 2,2 milliards de dollars am\u00e9ricains en C\u00f4te d\u2019Ivoire\u00bb.<\/p>\n<p>Le Centre d\u2019excellence africain sur les changements climatiques, la biodiversit\u00e9 et l\u2019agriculture durable (CEA-CCBAD) a deux axes majeurs, notamment la biodiversit\u00e9 et les services \u00e9cosyst\u00e9miques puis l\u2019agriculture durable. Il forme en Master et en PHD.<\/p>\n<p>Il a \u00e9t\u00e9 construit sur le site du P\u00f4le scientifique et d\u2019innovation de l\u2019Universit\u00e9 F\u00e9lix Houphou\u00ebt-Boigny de Bingerville.\u00a0<\/p>\n<\/div>\n<p>Auteur: APA News<br \/>\n<a href=\"https:\/\/www.journalducameroun.com\/fr\/cote-divoire-inauguration-dun-centre-africain-de-formation-sur-le-changement-climatique-et-lagriculture\/\">Cliquez ici pour lire l&rsquo;article depuis sa source.<\/a><\/p>\n","protected":false},"excerpt":{"rendered":"<p>Publi\u00e9 le 17.04.2019 \u00e0 22h18 par APA News La directrice g\u00e9n\u00e9rale du Groupe de la Banque mondiale, Kristalina Georgieva, a inaugur\u00e9 mercredi un Centre d\u2019excellence africain d\u00e9di\u00e9 \u00e0 la formation sur le changement climatique, la biodiversit\u00e9 et l\u2019agriculture durable d\u2019un co\u00fbt de 37,73 milliards Fcfa, \u00e0 Bingerville, \u00e0 l\u2019Est d\u2019Abidjan.Elle avait \u00e0 ses c\u00f4t\u00e9s le [&hellip;]<\/p>\n","protected":false},"author":1965,"featured_media":0,"comment_status":"closed","ping_status":"closed","sticky":false,"template":"","format":"standard","meta":{"fifu_image_url":"","fifu_image_alt":"","footnotes":""},"categories":[73,82],"tags":[],"class_list":["post-28479","post","type-post","status-publish","format-standard","hentry","category-actualite","category-cameroun"],"_links":{"self":[{"href":"https:\/\/linitiative.ca\/International\/wp-json\/wp\/v2\/posts\/28479","targetHints":{"allow":["GET"]}}],"collection":[{"href":"https:\/\/linitiative.ca\/International\/wp-json\/wp\/v2\/posts"}],"about":[{"href":"https:\/\/linitiative.ca\/International\/wp-json\/wp\/v2\/types\/post"}],"author":[{"embeddable":true,"href":"https:\/\/linitiative.ca\/International\/wp-json\/wp\/v2\/users\/1965"}],"replies":[{"embeddable":true,"href":"https:\/\/linitiative.ca\/International\/wp-json\/wp\/v2\/comments?post=28479"}],"version-history":[{"count":0,"href":"https:\/\/linitiative.ca\/International\/wp-json\/wp\/v2\/posts\/28479\/revisions"}],"wp:attachment":[{"href":"https:\/\/linitiative.ca\/International\/wp-json\/wp\/v2\/media?parent=28479"}],"wp:term":[{"taxonomy":"category","embeddable":true,"href":"https:\/\/linitiative.ca\/International\/wp-json\/wp\/v2\/categories?post=28479"},{"taxonomy":"post_tag","embeddable":true,"href":"https:\/\/linitiative.ca\/International\/wp-json\/wp\/v2\/tags?post=28479"}],"curies":[{"name":"wp","href":"https:\/\/api.w.org\/{rel}","templated":true}]}}