{"id":28480,"date":"2019-04-17T17:18:11","date_gmt":"2019-04-17T21:18:11","guid":{"rendered":"https:\/\/linitiative.ca\/International\/une-motion-de-censure-deposee-contre-le-gouvernement-malien\/"},"modified":"2019-04-17T17:18:11","modified_gmt":"2019-04-17T21:18:11","slug":"une-motion-de-censure-deposee-contre-le-gouvernement-malien","status":"publish","type":"post","link":"https:\/\/linitiative.ca\/International\/une-motion-de-censure-deposee-contre-le-gouvernement-malien\/","title":{"rendered":"Une motion de censure d\u00e9pos\u00e9e contre le gouvernement malien"},"content":{"rendered":"<div readability=\"32\">\n<p>Publi\u00e9 le 17.04.2019 \u00e0 22h18 par APA News<\/p>\n<\/div>\n<div readability=\"51\">\n<p>Des d\u00e9put\u00e9s de l\u2019opposition et de la majorit\u00e9 ont d\u00e9pos\u00e9, mercredi \u00e0 Bamako, une motion de censure contre le gouvernement malien, a constat\u00e9 APA.Selon Moussa Timbin\u00e9, d\u00e9put\u00e9 de la majorit\u00e9 et vice pr\u00e9sident de l\u2019Assembl\u00e9e nationale cette motion de censure s\u2019explique par le fait que le Mali est en crise. \u00ab\u00a0Nous sommes dans une crise. Il y a \u00a0beaucoup de probl\u00e8mes. Donc, nous avons d\u00e9cid\u00e9 d\u2019aller vers cette motion de censure contre le gouvernement\u00a0\u00bb, a-t-il dit \u00e0 APA.<\/p>\n<p>Amadou Maiga, pr\u00e9sident par int\u00e9rim du groupe parlementaire de l\u2019opposition a ajout\u00e9: \u2018\u2019C\u2019est in\u00e9dit que l\u2019opposition et la majorit\u00e9 se joignent pour une motion de censure. Nous voulons que notre pays sorte de la crise s\u00e9curitaire et scolaire et la mal gouvernance\u00a0\u00bb.<\/p>\n<p><ins data-revive-zoneid=\"9\" data-revive-id=\"10111e19d28d19d031742ee3b0b33eb0\"\/> <\/p>\n<p>Pour \u00eatre adopt\u00e9e, la motion devrait \u00eatre vot\u00e9e par les deux tiers de l\u2019Assembl\u00e9e nationale, soit 98 sur 147 d\u00e9put\u00e9s.<\/p>\n<\/div>\n<p>Auteur: APA News<br \/>\n<a href=\"https:\/\/www.journalducameroun.com\/fr\/une-motion-de-censure-deposee-contre-le-gouvernement-malien\/\">Cliquez ici pour lire l&rsquo;article depuis sa source.<\/a><\/p>\n","protected":false},"excerpt":{"rendered":"<p>Publi\u00e9 le 17.04.2019 \u00e0 22h18 par APA News Des d\u00e9put\u00e9s de l\u2019opposition et de la majorit\u00e9 ont d\u00e9pos\u00e9, mercredi \u00e0 Bamako, une motion de censure contre le gouvernement malien, a constat\u00e9 APA.Selon Moussa Timbin\u00e9, d\u00e9put\u00e9 de la majorit\u00e9 et vice pr\u00e9sident de l\u2019Assembl\u00e9e nationale cette motion de censure s\u2019explique par le fait que le Mali [&hellip;]<\/p>\n","protected":false},"author":1965,"featured_media":0,"comment_status":"closed","ping_status":"closed","sticky":false,"template":"","format":"standard","meta":{"fifu_image_url":"","fifu_image_alt":"","footnotes":""},"categories":[73,82],"tags":[],"class_list":["post-28480","post","type-post","status-publish","format-standard","hentry","category-actualite","category-cameroun"],"_links":{"self":[{"href":"https:\/\/linitiative.ca\/International\/wp-json\/wp\/v2\/posts\/28480","targetHints":{"allow":["GET"]}}],"collection":[{"href":"https:\/\/linitiative.ca\/International\/wp-json\/wp\/v2\/posts"}],"about":[{"href":"https:\/\/linitiative.ca\/International\/wp-json\/wp\/v2\/types\/post"}],"author":[{"embeddable":true,"href":"https:\/\/linitiative.ca\/International\/wp-json\/wp\/v2\/users\/1965"}],"replies":[{"embeddable":true,"href":"https:\/\/linitiative.ca\/International\/wp-json\/wp\/v2\/comments?post=28480"}],"version-history":[{"count":0,"href":"https:\/\/linitiative.ca\/International\/wp-json\/wp\/v2\/posts\/28480\/revisions"}],"wp:attachment":[{"href":"https:\/\/linitiative.ca\/International\/wp-json\/wp\/v2\/media?parent=28480"}],"wp:term":[{"taxonomy":"category","embeddable":true,"href":"https:\/\/linitiative.ca\/International\/wp-json\/wp\/v2\/categories?post=28480"},{"taxonomy":"post_tag","embeddable":true,"href":"https:\/\/linitiative.ca\/International\/wp-json\/wp\/v2\/tags?post=28480"}],"curies":[{"name":"wp","href":"https:\/\/api.w.org\/{rel}","templated":true}]}}