{"id":28482,"date":"2019-04-17T17:50:01","date_gmt":"2019-04-17T21:50:01","guid":{"rendered":"https:\/\/linitiative.ca\/International\/madere-28-morts-dans-laccident-dun-bus\/"},"modified":"2019-04-17T17:50:01","modified_gmt":"2019-04-17T21:50:01","slug":"madere-28-morts-dans-laccident-dun-bus","status":"publish","type":"post","link":"https:\/\/linitiative.ca\/International\/madere-28-morts-dans-laccident-dun-bus\/","title":{"rendered":"Mad\u00e8re: 28 morts dans l\u2019accident d\u2019un bus"},"content":{"rendered":"<div readability=\"32\">\n<p>Publi\u00e9 le 17.04.2019 \u00e0 22h50 par AFP<\/p>\n<\/div>\n<div readability=\"100\">\n<p>Au moins 28 personnes ont \u00e9t\u00e9 tu\u00e9es mercredi dans l\u2019accident d\u2019un bus transportant des touristes allemands sur l\u2019\u00eele portugaise de Mad\u00e8re, ont annonc\u00e9 les autorit\u00e9s locales.<\/p>\n<p>Sur la cinquantaine de personnes \u00e0 bord, 11 hommes et 17 femmes sont d\u00e9c\u00e9d\u00e9es, a indiqu\u00e9 \u00e0 la t\u00e9l\u00e9vision portugaise le maire de la commune de Santa Cruz o\u00f9 a eu lieu l\u2019accident, Filipe Sousa.<\/p>\n<p>Ce bilan a \u00e9t\u00e9 confirm\u00e9 par le service r\u00e9gional de la protection civile.<\/p>\n<p>L\u2019accident est survenu \u00e0 18H30 locales (17H30 GMT), toujours selon le maire de Santa Cruz.<\/p>\n<p>\u00ab\u00a0D\u2019horribles nouvelles nous arrivent de Mad\u00e8re\u00a0\u00bb, a \u00e9crit sur Twitter le porte-parole du gouvernement allemand.<\/p>\n<p>\u00ab\u00a0Notre plus grande tristesse pour tous ceux qui ont perdu la vie dans l\u2019accident de bus et nos pens\u00e9es vont vers ceux qui sont bless\u00e9s\u00a0\u00bb, a-t-il ajout\u00e9.<\/p>\n<p>Contact\u00e9e par l\u2019AFP un peu plus t\u00f4t, l\u2019ambassade d\u2019Allemagne au Portugal avait confirm\u00e9 qu\u2019il y avait des Allemands parmi les victimes alors que selon des m\u00e9dias locaux, les passagers du bus seraient en majorit\u00e9 des touristes de ce pays.<\/p>\n<p>\u00ab\u00a0Nous savons juste qu\u2019il y a des victimes allemandes\u00a0\u00bb(\u2026). Mais nous ne connaissons pour l\u2019instant ni le nom, ni le nombre des victimes\u00a0\u00bb, a d\u00e9clar\u00e9 \u00e0 l\u2019AFP la cellule de permanence de l\u2019ambassade.<\/p>\n<p>Le premier ministre portugais Antonio Costa a indiqu\u00e9 sur Twitter avoir contact\u00e9 la chanceli\u00e8re allemande Angela Merkel pour lui faire part de sa \u00ab\u00a0tristesse\u00a0\u00bb.<\/p>\n<p><ins data-revive-zoneid=\"9\" data-revive-id=\"10111e19d28d19d031742ee3b0b33eb0\"\/> <\/p>\n<p>\u00ab\u00a0C\u2019est avec une profonde tristesse que j\u2019ai appris le tragique accident survenu \u00e0 Mad\u00e8re\u00a0\u00bb, a \u00e9crit sur son compte Twitter le chef du gouvernement socialiste.<\/p>\n<p>\u00ab\u00a0Au nom du gouvernement portugais, je pr\u00e9sente les plus sinc\u00e8res condol\u00e9ances \u00e0 toutes les familes concern\u00e9es. J\u2019ai eu aussi l\u2019occasion de transmettre toute ma tristesse \u00e0 la chanceli\u00e8re Angela Merkel en cette heure difficile\u00a0\u00bb, a-t-il ajout\u00e9.<\/p>\n<p>Selon les images diffus\u00e9es par la t\u00e9l\u00e9vision portugaise, le bus transportant une cinquantaine de passagers est sorti de la route, effectuant plusieurs tonneaux.<\/p>\n<p>Pour des raisons restant \u00e0 \u00e9tablir, le chauffeur du bus aurait perdu le contr\u00f4le du v\u00e9hicule, qui est sorti de la route avant de tomber sur une maison b\u00e2tie \u00e0 flanc de colline.<\/p>\n<p>A Lisbonne, le pr\u00e9sident de la R\u00e9publique Marcelo Rebelo de Sousa a annonc\u00e9 qu\u2019il se rendrait \u00e0 Mad\u00e8re dans la nuit.<\/p>\n<p>Des \u00e9quipes de l\u2019institut m\u00e9dico-l\u00e9gal devaient \u00eatre d\u00e9p\u00each\u00e9es sur place depuis la capitale afin d\u2019aider les autorit\u00e9s de Mad\u00e8re \u00e0 r\u00e9aliser les autopsies des victimes<\/p>\n<p>Souvent appel\u00e9e la \u00ab\u00a0perle de l\u2019Atlantique\u00a0\u00bb, Mad\u00e8re accueille chaque ann\u00e9e des milliers de touristes attir\u00e9s par ses paysages volcaniques et son climat doux.<\/p>\n<\/div>\n<p>Auteur: AFP<br \/>\n<a href=\"https:\/\/www.journalducameroun.com\/fr\/madere-28-morts-dans-laccident-dun-bus\/\">Cliquez ici pour lire l&rsquo;article depuis sa source.<\/a><\/p>\n","protected":false},"excerpt":{"rendered":"<p>Publi\u00e9 le 17.04.2019 \u00e0 22h50 par AFP Au moins 28 personnes ont \u00e9t\u00e9 tu\u00e9es mercredi dans l\u2019accident d\u2019un bus transportant des touristes allemands sur l\u2019\u00eele portugaise de Mad\u00e8re, ont annonc\u00e9 les autorit\u00e9s locales. Sur la cinquantaine de personnes \u00e0 bord, 11 hommes et 17 femmes sont d\u00e9c\u00e9d\u00e9es, a indiqu\u00e9 \u00e0 la t\u00e9l\u00e9vision portugaise le maire [&hellip;]<\/p>\n","protected":false},"author":1965,"featured_media":0,"comment_status":"closed","ping_status":"closed","sticky":false,"template":"","format":"standard","meta":{"fifu_image_url":"","fifu_image_alt":"","footnotes":""},"categories":[73,82],"tags":[],"class_list":["post-28482","post","type-post","status-publish","format-standard","hentry","category-actualite","category-cameroun"],"_links":{"self":[{"href":"https:\/\/linitiative.ca\/International\/wp-json\/wp\/v2\/posts\/28482","targetHints":{"allow":["GET"]}}],"collection":[{"href":"https:\/\/linitiative.ca\/International\/wp-json\/wp\/v2\/posts"}],"about":[{"href":"https:\/\/linitiative.ca\/International\/wp-json\/wp\/v2\/types\/post"}],"author":[{"embeddable":true,"href":"https:\/\/linitiative.ca\/International\/wp-json\/wp\/v2\/users\/1965"}],"replies":[{"embeddable":true,"href":"https:\/\/linitiative.ca\/International\/wp-json\/wp\/v2\/comments?post=28482"}],"version-history":[{"count":0,"href":"https:\/\/linitiative.ca\/International\/wp-json\/wp\/v2\/posts\/28482\/revisions"}],"wp:attachment":[{"href":"https:\/\/linitiative.ca\/International\/wp-json\/wp\/v2\/media?parent=28482"}],"wp:term":[{"taxonomy":"category","embeddable":true,"href":"https:\/\/linitiative.ca\/International\/wp-json\/wp\/v2\/categories?post=28482"},{"taxonomy":"post_tag","embeddable":true,"href":"https:\/\/linitiative.ca\/International\/wp-json\/wp\/v2\/tags?post=28482"}],"curies":[{"name":"wp","href":"https:\/\/api.w.org\/{rel}","templated":true}]}}