{"id":28483,"date":"2019-04-17T17:50:03","date_gmt":"2019-04-17T21:50:03","guid":{"rendered":"https:\/\/linitiative.ca\/International\/fraude-aux-fonds-europeens-le-premier-ministre-tcheque-dans-le-collimateur\/"},"modified":"2019-04-17T17:50:03","modified_gmt":"2019-04-17T21:50:03","slug":"fraude-aux-fonds-europeens-le-premier-ministre-tcheque-dans-le-collimateur","status":"publish","type":"post","link":"https:\/\/linitiative.ca\/International\/fraude-aux-fonds-europeens-le-premier-ministre-tcheque-dans-le-collimateur\/","title":{"rendered":"Fraude aux fonds europ\u00e9ens: le Premier ministre tch\u00e8que dans le collimateur"},"content":{"rendered":"<div readability=\"32\">\n<p>Publi\u00e9 le 17.04.2019 \u00e0 22h50 par AFP<\/p>\n<\/div>\n<div readability=\"94\">\n<p>La police tch\u00e8que recommande la mise en accusation du Premier ministre, le milliardaire Andrej Babis, pour son implication dans une fraude aux subventions europ\u00e9ennes d\u2019un montant de deux millions d\u2019euros, a annonc\u00e9 mercredi un porte-parole.<\/p>\n<p>\u00ab\u00a0L\u2019enqu\u00eate est termin\u00e9e et le dossier complet a \u00e9t\u00e9 soumis au procureur de la R\u00e9publique avec une proposition de mise en accusation\u00a0\u00bb, a d\u00e9clar\u00e9 \u00e0 l\u2019AFP Ales Cimbala, porte-parole du parquet de Prague.<\/p>\n<p>Le procureur aura besoin de \u00ab\u00a0plusieurs semaines, voire plusieurs mois\u00a0\u00bb pour d\u00e9cider de l\u2019acte d\u2019accusation, le dossier \u00e9tant plut\u00f4t volumineux, a-t-il ajout\u00e9.<\/p>\n<p>Deuxi\u00e8me homme le plus riche du pays, M. Babis, 64 ans, a \u00e9t\u00e9 inculp\u00e9 en 2017 dans une affaire de d\u00e9tournement pr\u00e9sum\u00e9 de fonds europ\u00e9ens remontant \u00e0 2007-2008 et li\u00e9e \u00e0 son complexe h\u00f4telier Nid de Cigogne. Il risque entre cinq et dix ans de prison, selon M. Cimbala.<\/p>\n<p>Son mouvement populiste ANO dirige un gouvernement de coalition minoritaire avec les sociaux-d\u00e9mocrates. Il b\u00e9n\u00e9ficie \u00e9galement du soutien tacite des communistes, une premi\u00e8re dans l\u2019histoire du pays post-communiste.<\/p>\n<p>L\u2019an dernier, le gouvernement avait surv\u00e9cu \u00e0 un vote de confiance demand\u00e9 par l\u2019opposition, apr\u00e8s que les m\u00e9dias eurent d\u00e9clar\u00e9 que les assistants de M. Babis avaient emmen\u00e9 son fils, Andrej Babis Jr., en Crim\u00e9e, annex\u00e9e par la Russie, pour l\u2019\u00e9carter de l\u2019enqu\u00eate sur cette affaire.<\/p>\n<p><ins data-revive-zoneid=\"9\" data-revive-id=\"10111e19d28d19d031742ee3b0b33eb0\"\/> <\/p>\n<p>M. Babis, propri\u00e9taire d\u2019un holding Agrofert, dirige \u00e9galement deux grands quotidiens et la principale radio du pays.<\/p>\n<p>Mercredi, il a fermement rejet\u00e9 les accusations pesant contre lui, les qualifiant de \u00ab\u00a0politis\u00e9es\u00a0\u00bb et de \u00ab\u00a0complot organis\u00e9\u00a0\u00bb.<\/p>\n<p>En d\u00e9pit de cette affaire et d\u2019accusations selon lesquelles il aurait servi comme agent de la police secr\u00e8te communiste dans les ann\u00e9es 1980, son parti ANO est largement en t\u00eate dans les sondages.<\/p>\n<p>Selon un sondage r\u00e9alis\u00e9 en mars-avril par l\u2019institut Kantar CZ pour la t\u00e9l\u00e9vision tch\u00e8que aupr\u00e8s de 870 personnes, ANO b\u00e9n\u00e9ficie du soutien de 33% des personnes interrog\u00e9es, suivi par le parti des Pirates (19%).<\/p>\n<\/div>\n<p>Auteur: AFP<br \/>\n<a href=\"https:\/\/www.journalducameroun.com\/fr\/fraude-aux-fonds-europeens-le-premier-ministre-tcheque-dans-le-collimateur\/\">Cliquez ici pour lire l&rsquo;article depuis sa source.<\/a><\/p>\n","protected":false},"excerpt":{"rendered":"<p>Publi\u00e9 le 17.04.2019 \u00e0 22h50 par AFP La police tch\u00e8que recommande la mise en accusation du Premier ministre, le milliardaire Andrej Babis, pour son implication dans une fraude aux subventions europ\u00e9ennes d\u2019un montant de deux millions d\u2019euros, a annonc\u00e9 mercredi un porte-parole. \u00ab\u00a0L\u2019enqu\u00eate est termin\u00e9e et le dossier complet a \u00e9t\u00e9 soumis au procureur de [&hellip;]<\/p>\n","protected":false},"author":1965,"featured_media":0,"comment_status":"closed","ping_status":"closed","sticky":false,"template":"","format":"standard","meta":{"fifu_image_url":"","fifu_image_alt":"","footnotes":""},"categories":[73,82],"tags":[],"class_list":["post-28483","post","type-post","status-publish","format-standard","hentry","category-actualite","category-cameroun"],"_links":{"self":[{"href":"https:\/\/linitiative.ca\/International\/wp-json\/wp\/v2\/posts\/28483","targetHints":{"allow":["GET"]}}],"collection":[{"href":"https:\/\/linitiative.ca\/International\/wp-json\/wp\/v2\/posts"}],"about":[{"href":"https:\/\/linitiative.ca\/International\/wp-json\/wp\/v2\/types\/post"}],"author":[{"embeddable":true,"href":"https:\/\/linitiative.ca\/International\/wp-json\/wp\/v2\/users\/1965"}],"replies":[{"embeddable":true,"href":"https:\/\/linitiative.ca\/International\/wp-json\/wp\/v2\/comments?post=28483"}],"version-history":[{"count":0,"href":"https:\/\/linitiative.ca\/International\/wp-json\/wp\/v2\/posts\/28483\/revisions"}],"wp:attachment":[{"href":"https:\/\/linitiative.ca\/International\/wp-json\/wp\/v2\/media?parent=28483"}],"wp:term":[{"taxonomy":"category","embeddable":true,"href":"https:\/\/linitiative.ca\/International\/wp-json\/wp\/v2\/categories?post=28483"},{"taxonomy":"post_tag","embeddable":true,"href":"https:\/\/linitiative.ca\/International\/wp-json\/wp\/v2\/tags?post=28483"}],"curies":[{"name":"wp","href":"https:\/\/api.w.org\/{rel}","templated":true}]}}