{"id":28506,"date":"2019-04-17T03:18:36","date_gmt":"2019-04-17T07:18:36","guid":{"rendered":"https:\/\/linitiative.ca\/International\/une-ecomatin-n-236-actuellement-en-kiosque\/"},"modified":"2019-04-17T03:18:36","modified_gmt":"2019-04-17T07:18:36","slug":"une-ecomatin-n-236-actuellement-en-kiosque","status":"publish","type":"post","link":"https:\/\/linitiative.ca\/International\/une-ecomatin-n-236-actuellement-en-kiosque\/","title":{"rendered":"Une EcoMatin N\u00b0 236 actuellement en kiosque"},"content":{"rendered":"<h4><span class=\"c2\"><strong><a href=\"https:\/\/i1.wp.com\/ecomatin.net\/wp-content\/uploads\/2019\/04\/ecomatin.net-couv-n236-du-mercredi-17-avril-2019-1.jpg?ssl=1\"><\/p>\n<p><img loading=\"lazy\" decoding=\"async\" data-attachment-id=\"6106\" data-permalink=\"https:\/\/ecomatin.net\/n230-du-lundi-25-fev-2019-1-2\/\" data-orig-file=\"https:\/\/i0.wp.com\/ecomatin.net\/wp-content\/uploads\/2019\/02\/ecomatin.net-n230-du-lundi-25-fev-2019-1-1.jpg?fit=1723%2C2362&#038;ssl=1\" data-orig-size=\"1723,2362\" data-comments-opened=\"0\" data-image-meta=\"{\"aperture\":\"0\",\"credit\":\"\",\"camera\":\"\",\"caption\":\"\",\"created_timestamp\":\"0\",\"copyright\":\"\",\"focal_length\":\"0\",\"iso\":\"0\",\"shutter_speed\":\"0\",\"title\":\"\",\"orientation\":\"1\"}\" data-image-title=\"N\u00b0221 du lundi 25 fev 2019-1\" data-image-description=\"\" data-medium-file=\"https:\/\/i0.wp.com\/ecomatin.net\/wp-content\/uploads\/2019\/02\/ecomatin.net-n230-du-lundi-25-fev-2019-1-1.jpg?fit=219%2C300&#038;ssl=1\" data-large-file=\"https:\/\/i0.wp.com\/ecomatin.net\/wp-content\/uploads\/2019\/02\/ecomatin.net-n230-du-lundi-25-fev-2019-1-1.jpg?fit=747%2C1024&#038;ssl=1\" class=\"wp-image-6106 alignleft\" src=\"https:\/\/i1.wp.com\/ecomatin.net\/wp-content\/uploads\/2019\/04\/ecomatin.net-couv-n236-du-mercredi-17-avril-2019-1.jpg?resize=302%2C414&#038;ssl=1\" alt=\"235\" width=\"302\" height=\"414\" data-recalc-dims=\"1\"\/><\/p>\n<p><\/a>A la<\/strong> <strong>une:<\/strong><\/span><\/h4>\n<p><strong><span class=\"c4\"><span class=\"c3\">\u2013<\/span><\/span><\/strong> <span class=\"c5\">Remboursement des titres publics : l\u2019Etat tente d\u2019\u00e9viter un d\u00e9faut de paiement de 89 milliards en ao\u00fbt 2019<\/span><\/p>\n<h4><span class=\"c3\">Banques et Finances<\/span><\/h4>\n<p><span class=\"c5\"><span class=\"c3\">\u2013<\/span> Bourse : Les premi\u00e8res sanctions de la nouvelle Cosumaf tombent<\/span><\/p>\n<h4><span class=\"c3\">Business<\/span><\/h4>\n<p><span class=\"c6\">\u2013<\/span> <span class=\"c7\">Belt and Road Realy : Douala acceuille la 32\u00e8me \u00e9tape<\/span><\/p>\n<h4><span class=\"c3\">Politiques publiques<\/span><\/h4>\n<p><span class=\"c6\">\u2013<\/span> <span class=\"c7\">R\u00e9duction du train de vie de l\u2019Etat : Ce que le Cameroun refuse de faire<\/span><\/p>\n<h4><span class=\"c3\">Conjoncture<\/span><\/h4>\n<p><span class=\"c6\">\u2013<\/span> <span class=\"c7\">Yabassi : scandale autour de la gestion des fonds d\u2019une vente de coupe de bois<\/span><br \/><span class=\"c6\">\u2013<\/span> <span class=\"c7\">Evaluation : le Cameroun class\u00e9 pays \u00e0 risque \u00e9lev\u00e9 par la Coface en 2019<\/span><br \/><span class=\"c6\">\u2013<\/span> <span class=\"c7\">Mines : le potentiel de la bauxite de Minim Martap r\u00e9\u00e9valu\u00e9<\/span><br \/><span class=\"c6\">\u2013<\/span> <span class=\"c7\">PER Cemac : l\u2019Afrique centrale sollicite l\u2019aide de la Banque mondiale<\/span><\/p>\n<p>Auteur: EcoMatin<br \/>\n<a href=\"https:\/\/ecomatin.net\/une-ecomatin-n-236-actuellement-en-kiosque\/\">Cliquez ici pour lire l&rsquo;article depuis sa source.<\/a><\/p>\n","protected":false},"excerpt":{"rendered":"<p>A la une: \u2013 Remboursement des titres publics : l\u2019Etat tente d\u2019\u00e9viter un d\u00e9faut de paiement de 89 milliards en ao\u00fbt 2019 Banques et Finances \u2013 Bourse : Les premi\u00e8res sanctions de la nouvelle Cosumaf tombent Business \u2013 Belt and Road Realy : Douala acceuille la 32\u00e8me \u00e9tape Politiques publiques \u2013 R\u00e9duction du train de [&hellip;]<\/p>\n","protected":false},"author":1969,"featured_media":0,"comment_status":"closed","ping_status":"closed","sticky":false,"template":"","format":"standard","meta":{"fifu_image_url":"","fifu_image_alt":"","footnotes":""},"categories":[82,78],"tags":[],"class_list":["post-28506","post","type-post","status-publish","format-standard","hentry","category-cameroun","category-economie"],"_links":{"self":[{"href":"https:\/\/linitiative.ca\/International\/wp-json\/wp\/v2\/posts\/28506","targetHints":{"allow":["GET"]}}],"collection":[{"href":"https:\/\/linitiative.ca\/International\/wp-json\/wp\/v2\/posts"}],"about":[{"href":"https:\/\/linitiative.ca\/International\/wp-json\/wp\/v2\/types\/post"}],"author":[{"embeddable":true,"href":"https:\/\/linitiative.ca\/International\/wp-json\/wp\/v2\/users\/1969"}],"replies":[{"embeddable":true,"href":"https:\/\/linitiative.ca\/International\/wp-json\/wp\/v2\/comments?post=28506"}],"version-history":[{"count":0,"href":"https:\/\/linitiative.ca\/International\/wp-json\/wp\/v2\/posts\/28506\/revisions"}],"wp:attachment":[{"href":"https:\/\/linitiative.ca\/International\/wp-json\/wp\/v2\/media?parent=28506"}],"wp:term":[{"taxonomy":"category","embeddable":true,"href":"https:\/\/linitiative.ca\/International\/wp-json\/wp\/v2\/categories?post=28506"},{"taxonomy":"post_tag","embeddable":true,"href":"https:\/\/linitiative.ca\/International\/wp-json\/wp\/v2\/tags?post=28506"}],"curies":[{"name":"wp","href":"https:\/\/api.w.org\/{rel}","templated":true}]}}