{"id":28507,"date":"2019-04-17T13:28:48","date_gmt":"2019-04-17T17:28:48","guid":{"rendered":"https:\/\/linitiative.ca\/International\/scandale-autour-du-concert-de-lartiste-kerozen-au-cameroun\/"},"modified":"2019-04-17T13:28:48","modified_gmt":"2019-04-17T17:28:48","slug":"scandale-autour-du-concert-de-lartiste-kerozen-au-cameroun","status":"publish","type":"post","link":"https:\/\/linitiative.ca\/International\/scandale-autour-du-concert-de-lartiste-kerozen-au-cameroun\/","title":{"rendered":"Scandale autour du concert de l\u2019artiste K\u00e9rozen au Cameroun"},"content":{"rendered":"<p><span class=\"c2\"><strong>L\u2019artiste K\u00e9rozen<\/strong>, auteur du c\u00e9l\u00e8bre titre <em><strong>\u00ab\u00a0La victoire<\/strong><\/em>\u00a0\u00bb, n\u2019a pas prest\u00e9 devant ses fans le 12 avril dernier \u00e0 Douala comme pr\u00e9vu. En lieu et place du concert, des contrari\u00e9t\u00e9s et r\u00e9clamations d\u2019argent tous azimuts. A cause des probl\u00e8mes d\u2019organisation, le concert a \u00e9t\u00e9 annul\u00e9. \u00ab\u00a0<em>Jusqu\u2019\u00e0 18h, il n\u2019y avait pas de podium, pas d\u2019agents ni de barri\u00e8re de s\u00e9curit\u00e9, Il n\u2019y avait rien. Or les fans arrivaient en grand nombre<\/em>\u00a0\u00bb, confie l\u2019artiste dans une vid\u00e9o post\u00e9e sur sa page facebook au lendemain de l\u2019incident.<\/span><\/p>\n<p><strong><span class=\"c2\">\u00ab\u00a0Tu n\u2019as pas mon argent ou bien\u00a0?\u00a0\u00bb<\/span><\/strong><\/p>\n<p><span class=\"c2\">\u00a0\u00ab\u00a0<em>Je lui demande : qu\u2019est-ce qui se passe tu n\u2019as pas mon argent ou bien. Le jeune me fait comprendre que le probl\u00e8me n\u2019est plus \u00e0 son niveau qu\u2019il a pay\u00e9 le podium, la s\u00e9curit\u00e9 depuis f\u00e9vrier, il a r\u00e9gl\u00e9 la logistique deux mois avant le spectacle avec la soci\u00e9t\u00e9 qui doit s\u2019occuper du concert avec les re\u00e7us \u00e0 l\u2019appuis.\u00a0\u00bb parlant du promoteur<\/em>\u00a0de l\u2019\u00e9v\u00e9nement Gabriel Tchoupo. Ce dernier affirme pourtant avoir tout mobilis\u00e9 \u00e0 temps pour la r\u00e9ussite de cet \u00e9v\u00e9nement selon l\u2019artiste\u00a0: \u00ab\u00a0<em>Il m\u2019a montr\u00e9 les re\u00e7us. Ils dataient du mois de f\u00e9vrier donc deux mois \u00e0 l\u2019avance. Ce sont les entreprises charg\u00e9es de livrer le mat\u00e9riel n\u00e9cessaire qui n\u2019ont pas rempli leur part du contrat<\/em>\u00a0\u00bb.<\/span><\/p>\n<p><span class=\"c2\">Une situation qui si elle est confirm\u00e9e vient une fois de plus ternir l\u2019image du Cameroun et alimente les st\u00e9r\u00e9otypes sur certain manque de s\u00e9rieux des camerounais, au vue de multiples projets \u00a0non aboutis ou annul\u00e9. En l\u2019occurrence le retrait de l\u2019organisation de la CAN 2019. Fort heureusement pour <strong>Gabriel Tchoupo<\/strong>, l\u2019artiste K\u00e9rozen a tourn\u00e9 le dos sur la deuxi\u00e8me partie du \u2018\u2019<em>cachet<\/em>\u2019\u2019 qu\u2019il devait encaisser, question de lui permettre de rembourser l\u2019argent des fans qui avaient achet\u00e9 les tickets. L\u2019on se rappelle que ce n\u2019est pas la premi\u00e8re annulation du concert d\u2019une star \u00e9trang\u00e8re en territoire Camerounais. Les concerts de la <strong>rappeuse Diam\u2019s<\/strong> puis du groupe <strong>P-Square<\/strong> avaient \u00e9t\u00e9 annul\u00e9s de la m\u00eame fa\u00e7on il y\u2019a quelques ann\u00e9es.<\/span><\/p>\n<p><strong>Un artiste qui compte\u00a0<\/strong><\/p>\n<p>Baptis\u00e9 par ses pairs, \u00ab<em>\u00a0l\u2019artiste du moment<\/em>\u00a0\u00bb l\u2019ivoirien K\u00e9rozen de son vrai nom <strong>Yobo Constant Joel<\/strong> est l\u2019auteur de plusieurs tubes a succ\u00e8s a l\u2019exemple de \u00ab\u00a0<strong><em>Mon heure a sonn\u00e9<\/em><\/strong>\u00a0\u00bb, \u00ab<em><strong>Le Temps<\/strong><\/em>\u00a0\u00bb, \u00ab\u00a0<em><strong>Marie Jo<\/strong><\/em>\u00a0\u00bb\u2026 Sa derni\u00e8re sortie \u00ab\u00a0<strong><em>La victoire<\/em><\/strong>\u00a0\u00bb est un v\u00e9ritable chef-d\u2019\u0153uvre qui ne laisse personne indiff\u00e9rente dans les 4 coins du monde par la profondeur du message v\u00e9hicul\u00e9 dans cette chanson. <strong>Eto\u2019o Fils, Serge Aurier, le rappeur fran\u00e7ais MHD<\/strong> et de nombreuses stars, des hommes politiques et autres c\u00e9l\u00e9brit\u00e9s sont aujourd\u2019hui sous le charme de cette chanson de DJ Kerozen qui fait le tour du monde actuellement.<\/p>\n<p>L\u2019artiste a aussi \u00e0 son compteur plusieurs distinctions d\u00e9j\u00e0, avant m\u00eame la sortie de son album annonc\u00e9 pour les jours suivants. Depuis son retour sur la sc\u00e8ne musicale en 2016, DJ Kerozen ne r\u00e9colte que des nominations et cons\u00e9crations. Nomin\u00e9 aux <strong>Awards du Coup\u00e9-d\u00e9cal\u00e9 en 2016<\/strong>, Vainqueur des \u00ab\u00a0<strong><em>H\u00e9ros 225<\/em><\/strong>\u00a0\u00bb\u00a0en 2016, Nomin\u00e9 aux \u00ab<strong><em>\u00a0AP Music Awards<\/em><\/strong>\u00a0\u00bb, Vainqueur de la cat\u00e9gorie musique du <strong>Prix 35\/35 de l\u2019OIF 2017<\/strong>, \u00ab\u00a0<em><strong>Le Temps\u00a0<\/strong><\/em>\u00bb, chanson de l\u2019ann\u00e9e 2017 aux Awards du Coup\u00e9-d\u00e9cal\u00e9, Meilleure chanson et meilleur artiste masculin aux Africa Awards Music, Nomin\u00e9 dans la cat\u00e9gorie \u00ab\u00a0Meilleur artiste de l\u2019Afrique de l\u2019Ouest\u00a0\u00bb au Kund\u00e9 d\u2019Or 2018\u2026 Avec sa derni\u00e8re sortie \u00ab\u00a0La Victoire\u00a0\u00bb, il caracole dans les hits dans nombreux pays. Il est d\u2019ailleurs <strong>N\u00b01 actuellement<\/strong> sur la cha\u00eene de t\u00e9l\u00e9vision musicale \u00ab\u00a0<em><strong>Trace Africa\u00a0\u00bb.<\/strong><\/em><\/p>\n<div class=\"awac-wrapper awac widget blog_subscription-2\">\n<h4 class=\"widget-title\">Abonnez-vous \u00e0 notre lettre d&rsquo;information<\/h4>\n<\/div>\n<p>Auteur: Emile FIDIECK<br \/>\n<a href=\"https:\/\/ecomatin.net\/scandale-autour-du-concert-annule-de-lartiste-kerozen-au-cameroun\/\">Cliquez ici pour lire l&rsquo;article depuis sa source.<\/a><\/p>\n","protected":false},"excerpt":{"rendered":"<p>L\u2019artiste K\u00e9rozen, auteur du c\u00e9l\u00e8bre titre \u00ab\u00a0La victoire\u00a0\u00bb, n\u2019a pas prest\u00e9 devant ses fans le 12 avril dernier \u00e0 Douala comme pr\u00e9vu. En lieu et place du concert, des contrari\u00e9t\u00e9s et r\u00e9clamations d\u2019argent tous azimuts. A cause des probl\u00e8mes d\u2019organisation, le concert a \u00e9t\u00e9 annul\u00e9. \u00ab\u00a0Jusqu\u2019\u00e0 18h, il n\u2019y avait pas de podium, pas d\u2019agents [&hellip;]<\/p>\n","protected":false},"author":1969,"featured_media":0,"comment_status":"closed","ping_status":"closed","sticky":false,"template":"","format":"standard","meta":{"fifu_image_url":"","fifu_image_alt":"","footnotes":""},"categories":[82,78],"tags":[],"class_list":["post-28507","post","type-post","status-publish","format-standard","hentry","category-cameroun","category-economie"],"_links":{"self":[{"href":"https:\/\/linitiative.ca\/International\/wp-json\/wp\/v2\/posts\/28507","targetHints":{"allow":["GET"]}}],"collection":[{"href":"https:\/\/linitiative.ca\/International\/wp-json\/wp\/v2\/posts"}],"about":[{"href":"https:\/\/linitiative.ca\/International\/wp-json\/wp\/v2\/types\/post"}],"author":[{"embeddable":true,"href":"https:\/\/linitiative.ca\/International\/wp-json\/wp\/v2\/users\/1969"}],"replies":[{"embeddable":true,"href":"https:\/\/linitiative.ca\/International\/wp-json\/wp\/v2\/comments?post=28507"}],"version-history":[{"count":0,"href":"https:\/\/linitiative.ca\/International\/wp-json\/wp\/v2\/posts\/28507\/revisions"}],"wp:attachment":[{"href":"https:\/\/linitiative.ca\/International\/wp-json\/wp\/v2\/media?parent=28507"}],"wp:term":[{"taxonomy":"category","embeddable":true,"href":"https:\/\/linitiative.ca\/International\/wp-json\/wp\/v2\/categories?post=28507"},{"taxonomy":"post_tag","embeddable":true,"href":"https:\/\/linitiative.ca\/International\/wp-json\/wp\/v2\/tags?post=28507"}],"curies":[{"name":"wp","href":"https:\/\/api.w.org\/{rel}","templated":true}]}}