{"id":28511,"date":"2019-04-18T09:00:05","date_gmt":"2019-04-18T13:00:05","guid":{"rendered":"https:\/\/linitiative.ca\/International\/agriculture-durable-systemes-alimentaires-durables-et-diaf-le-maroc-renforce-son-partenariat-avec-la-suisse-et-lallemagne\/"},"modified":"2019-04-18T09:00:05","modified_gmt":"2019-04-18T13:00:05","slug":"agriculture-durable-systemes-alimentaires-durables-et-diaf-le-maroc-renforce-son-partenariat-avec-la-suisse-et-lallemagne","status":"publish","type":"post","link":"https:\/\/linitiative.ca\/International\/agriculture-durable-systemes-alimentaires-durables-et-diaf-le-maroc-renforce-son-partenariat-avec-la-suisse-et-lallemagne\/","title":{"rendered":"Agriculture durable, syst\u00e8mes alimentaires durables, et \u00abDiaf\u00bb : Le Maroc renforce son partenariat avec la Suisse et l\u2019Allemagne"},"content":{"rendered":"<p><img decoding=\"async\" class=\"post_layout_5_img\" src=\"http:\/\/aujourdhui.ma\/wp-content\/uploads\/2019\/04\/Siam-2019-Aziz-Akhannouch-et-Bernard-Lehmann-partenariat-Maroc-Suisse-Allemagne.jpg?x29840\" alt=\"Agriculture durable, syst\u00e8mes alimentaires durables, et \u00abDiaf\u00bb : Le Maroc renforce son partenariat avec la Suisse et l\u2019Allemagne\"\/><\/p>\n<p class=\"p1\"><span class=\"c4\"><strong><span class=\"s1\">Le Maroc et l\u2019Allemagne ont sign\u00e9 une d\u00e9claration d\u2019intention portant sur le projet \u00abDialogue technique agricole et forestier\u00bb (DIAF). L\u2019objectif \u00e9tant d\u2019approfondir la coop\u00e9ration dans le domaine de l\u2019agriculture et\u00a0<\/span><\/strong> <strong><span class=\"s1\">de la sylviculture.<\/span><\/strong><\/span><span id=\"more-309438\"\/><\/p>\n<p class=\"p1\">Le SIAM 2019 c\u2019est aussi un espace de concr\u00e9tisation de partenariats entre le Maroc et des pays europ\u00e9ens dans le domaine de l\u2019agriculture. En t\u00e9moignent les conventions sign\u00e9es avec deux des pays les plus d\u00e9velopp\u00e9s dans le secteur. Il s\u2019agit de l\u2019Allemagne et de la Suisse. Plusieurs conventions ont donc \u00e9t\u00e9 conclues lors de la premi\u00e8re journ\u00e9e du Salon international de l\u2019agriculture. A commencer par celle sign\u00e9e entre le Maroc et le pays mis \u00e0 l\u2019honneur cette ann\u00e9e, \u00e0 savoir la Suisse, aux termes de laquelle les deux pays s\u2019engagent \u00e0 consolider leur coop\u00e9ration dans les domaines de l\u2019agriculture durable et des syst\u00e8mes alimentaires durables. A Mekn\u00e8s, les deux partenaires ont renforc\u00e9 leur coop\u00e9ration avec la signature d\u2019une d\u00e9claration d\u2019intention de dialogue technique dans les domaines de l\u2019agriculture durable et des syst\u00e8mes alimentaires durables. <em>\u00abOn vient de signer une convention avec le Maroc qui a pour objectif d\u2019avoir des rencontres r\u00e9guli\u00e8res entre nos deux pays afin d\u2019approfondir notre coop\u00e9ration en mati\u00e8re d\u2019agriculture. La durabilit\u00e9 est un th\u00e8me qui nous int\u00e9resse particuli\u00e8rement. Cette th\u00e9matique sera la question qui nous accompagnera durant nos diff\u00e9rentes discussions\u00bb<\/em>, a soulign\u00e9 Massimo Baggi, ambassadeur de Suisse au Maroc, \u00e0 cette occasion. Dans la m\u00eame journ\u00e9e, le Maroc et l\u2019Allemagne ont sign\u00e9 une d\u00e9claration d\u2019intention portant sur le projet \u00abDialogue technique agricole et forestier\u00bb (DIAF). L\u2019objectif \u00e9tant d\u2019approfondir la coop\u00e9ration dans le domaine de l\u2019agriculture et de la sylviculture, et ce sur la base de la d\u00e9claration sur la coop\u00e9ration sign\u00e9e en avril 2010. Dans le d\u00e9tail, cette d\u00e9claration d\u2019intention met en avant les r\u00e9sultats positifs r\u00e9alis\u00e9s depuis de nombreuses ann\u00e9es.<\/p>\n<p class=\"p1\">Dans ce sens, le projet vise le renforcement des politiques agricole et foresti\u00e8re marocaines et ce en concertation avec les partenaires marocains et allemands tout en tenant compte des exp\u00e9riences faites au niveau international, notamment par l\u2019Allemagne.<\/p>\n<p class=\"p1\">Ainsi, les institutions marocaines b\u00e9n\u00e9ficieront d\u2019expertise qui r\u00e9pondra \u00e0 leur demande dans ce secteur. Dans le d\u00e9tail, au cours de la premi\u00e8re phase du projet, qui dure sur trois ans, l\u2019appui technique est pr\u00e9vu dans diff\u00e9rents domaines, en particulier les productions agricoles biologiques, la professionnalisation des groupements agricoles ainsi que l\u2019am\u00e9lioration des m\u00e9thodes de planification et de gestion des for\u00eats. Celle-ci comprend entre autres l\u2019\u00e9largissement du syst\u00e8me de tra\u00e7abilit\u00e9 pour le bois.<\/p>\n<p class=\"p1\">La finalit\u00e9 derri\u00e8re ce projet de coop\u00e9ration est de contribuer \u00e0 la mise en \u0153uvre du Plan Maroc Vert, de la \u00abStrat\u00e9gie nationale de la formation et de la recherche agricole\u00bb, de la \u00abStrat\u00e9gie 2020 du d\u00e9veloppement rural au Maroc\u00bb, de la \u00abStrat\u00e9gie nationale du d\u00e9veloppement forestier\u00bb ou encore du \u00abPlan d\u00e9cennal 2015-2024\u00bb.<\/p>\n<p class=\"p1\">Partant de l\u00e0, les deux parties ont r\u00e9it\u00e9r\u00e9 leur volont\u00e9 de renforcer leur coop\u00e9ration bilat\u00e9rale dans le cadre du projet de coop\u00e9ration bilat\u00e9rale Diaf et de soutenir les efforts de r\u00e9forme du secteur agricole et forestier au Maroc.<\/p>\n<div class=\"base-box mom_box_sc_custom mom_box_sc clear c6\" readability=\"52\">\n<p class=\"p1\"><span class=\"c5\"><strong><span class=\"s1\">Le Siam au rythme des rencontres bilat\u00e9rales<\/span><\/strong><\/span><\/p>\n<p class=\"p1\"><span class=\"s1\">La coop\u00e9ration bilat\u00e9rale en mati\u00e8re d\u2019agriculture a rythm\u00e9 les rencontres qui se sont d\u00e9roul\u00e9es \u00e0 Mekn\u00e8s le 16 avril 2019.<\/span><\/p>\n<p class=\"p1\"><span class=\"s1\">En effet, Aziz Akhannouch, ministre de l\u2019agriculture, de la p\u00eache maritime, du d\u00e9veloppement rural et des eaux et for\u00eats, et son homologue b\u00e9ninois, Doussouhoui Cossi Gaston, ont abord\u00e9 lors d\u2019un entretien entre les deux parties la signature d\u2019un programme de coop\u00e9ration dans le domaine agricole pour la p\u00e9riode 2019-2023.<\/span><\/p>\n<p class=\"p1\"><span class=\"s1\">Ce programme de coop\u00e9ration s\u2019inscrit dans le cadre de la mise en \u0153uvre de l\u2019accord-cadre de coop\u00e9ration dans le domaine agricole sign\u00e9 entre les deux gouvernements en 2013.<\/span><\/p>\n<p class=\"p1\"><span class=\"s1\">Il porte notamment sur la production et la commercialisation de produits agricoles, la formation professionnelle et technique agricole, la gestion des eaux et des sols et l\u2019usage efficient des ressources hydriques et la m\u00e9canisation agricole. Le programme vise, \u00e9galement, le d\u00e9veloppement des investissements en agriculture moyennant des partenariats entre les secteurs priv\u00e9s marocain et b\u00e9ninois.<\/span><\/p>\n<p class=\"p1\"><span class=\"s1\">Par ailleurs, Aziz Akhannouch s\u2019est \u00e9galement entretenu avec son homologue bulgare Rumen Porodzanov.<\/span><\/p>\n<p class=\"p1\"><span class=\"s1\">Au centre de cette rencontre les moyens de promouvoir les \u00e9changes commerciaux des produits agricoles et les formes de coop\u00e9ration notamment destin\u00e9e \u00e0 l\u2019Afrique, l\u2019\u00e9largissement de la coop\u00e9ration dans le domaine des sciences agraires ainsi que la mise \u00e0 jour de la base juridique contractuelle de coop\u00e9ration dans le domaine agricole.<\/span><\/p>\n<p class=\"p1\"><span class=\"s1\">Enfin, les deux ministres ont discut\u00e9 de l\u2019appui \u00e0 la valorisation des fili\u00e8res agricoles, de la formation professionnelle agricole, de la recherche-d\u00e9veloppement, de la s\u00e9curit\u00e9 sanitaire et du d\u00e9veloppement du partenariat public-priv\u00e9.<\/span><\/p>\n<\/div>\n<p>Auteur: Ouchagour Leila<br \/>\n<a href=\"http:\/\/aujourdhui.ma\/economie\/agriculture-durable-systemes-alimentaires-durables-et-diaf-le-maroc-renforce-son-partenariat-avec-la-suisse-et-lallemagne\">Cliquez ici pour lire l&rsquo;article depuis sa source.<\/a><\/p>\n","protected":false},"excerpt":{"rendered":"<p>Le Maroc et l\u2019Allemagne ont sign\u00e9 une d\u00e9claration d\u2019intention portant sur le projet \u00abDialogue technique agricole et forestier\u00bb (DIAF). L\u2019objectif \u00e9tant d\u2019approfondir la coop\u00e9ration dans le domaine de l\u2019agriculture et\u00a0 de la sylviculture. Le SIAM 2019 c\u2019est aussi un espace de concr\u00e9tisation de partenariats entre le Maroc et des pays europ\u00e9ens dans le domaine de [&hellip;]<\/p>\n","protected":false},"author":1759,"featured_media":0,"comment_status":"closed","ping_status":"closed","sticky":false,"template":"","format":"standard","meta":{"fifu_image_url":"","fifu_image_alt":"","footnotes":""},"categories":[73,54],"tags":[],"class_list":["post-28511","post","type-post","status-publish","format-standard","hentry","category-actualite","category-maroc"],"_links":{"self":[{"href":"https:\/\/linitiative.ca\/International\/wp-json\/wp\/v2\/posts\/28511","targetHints":{"allow":["GET"]}}],"collection":[{"href":"https:\/\/linitiative.ca\/International\/wp-json\/wp\/v2\/posts"}],"about":[{"href":"https:\/\/linitiative.ca\/International\/wp-json\/wp\/v2\/types\/post"}],"author":[{"embeddable":true,"href":"https:\/\/linitiative.ca\/International\/wp-json\/wp\/v2\/users\/1759"}],"replies":[{"embeddable":true,"href":"https:\/\/linitiative.ca\/International\/wp-json\/wp\/v2\/comments?post=28511"}],"version-history":[{"count":0,"href":"https:\/\/linitiative.ca\/International\/wp-json\/wp\/v2\/posts\/28511\/revisions"}],"wp:attachment":[{"href":"https:\/\/linitiative.ca\/International\/wp-json\/wp\/v2\/media?parent=28511"}],"wp:term":[{"taxonomy":"category","embeddable":true,"href":"https:\/\/linitiative.ca\/International\/wp-json\/wp\/v2\/categories?post=28511"},{"taxonomy":"post_tag","embeddable":true,"href":"https:\/\/linitiative.ca\/International\/wp-json\/wp\/v2\/tags?post=28511"}],"curies":[{"name":"wp","href":"https:\/\/api.w.org\/{rel}","templated":true}]}}