{"id":28542,"date":"2019-04-18T10:42:13","date_gmt":"2019-04-18T14:42:13","guid":{"rendered":"https:\/\/linitiative.ca\/International\/oran-attribution-de-13-000-logements-aadl-avant-septembre\/"},"modified":"2019-04-18T10:42:13","modified_gmt":"2019-04-18T14:42:13","slug":"oran-attribution-de-13-000-logements-aadl-avant-septembre","status":"publish","type":"post","link":"https:\/\/linitiative.ca\/International\/oran-attribution-de-13-000-logements-aadl-avant-septembre\/","title":{"rendered":"Oran : attribution de 13.000 logements AADL avant septembre"},"content":{"rendered":"<div>\n<div class=\"K2FeedImage\"><img decoding=\"async\" src=\"http:\/\/www.aps.dz\/media\/k2\/items\/cache\/a40809a2c550b90bac46ebbc624349f2_S.jpg\" alt=\"Oran : attribution de 13.000 logements AADL avant septembre\"><\/div>\n<div class=\"K2FeedIntroText\">\n<p>ORAN &#8211; Pas moins de 13.000 logements de type location\/vente (AADL) seront attribu\u00e9s \u00e0 leurs b\u00e9n\u00e9ficiaires au nouveau p\u00f4le urbain \u00ab\u00a0Ahmed Zabana\u00a0\u00bb d\u2019Oran avant la fin du troisi\u00e8me trimestre de l\u2019ann\u00e9e en cours 2019, ont annonc\u00e9 jeudi les services de la wilaya.<\/p>\n<\/div>\n<div class=\"K2FeedFullText\">\n<p>L\u2019op\u00e9ration de distribution de ce quota de logement se fera apr\u00e8s la fin du raccordement des projets AADL \u00e0 la canalisation principale d\u2019assainissement par le services des ressources en eau et l\u2019ach\u00e8vement des travaux d\u2019am\u00e9nagement externe et de raccordement aux r\u00e9seaux de la voirie.<\/p>\n<p>Le wali d\u2019Oran, Mouloud Cherifi a pr\u00e9sid\u00e9 mercredi une r\u00e9union consacr\u00e9e au dossier de l\u2019habitat dans la capitale de l\u2019Ouest alg\u00e9rien exhortant, \u00e0 cette occasion, les responsables concern\u00e9s \u00e0 acc\u00e9l\u00e9rer la d\u00e9signation des entreprises charg\u00e9es des travaux d\u2019am\u00e9nagement externe, surtout au niveau du p\u00f4le urbain de Oued Tl\u00e9lat (8.000 logements) et des projets situ\u00e9s dans des dairas de la wilaya.<\/p>\n<p>Le chef de l\u2019ex\u00e9cutif de la wilaya d\u2019Oran a appel\u00e9 aussi \u00e0 acc\u00e9l\u00e9rer l\u2019affichage des listes de logements sociaux par les comit\u00e9s de dairas apr\u00e8s ach\u00e8vement de l\u2019examen des dossiers dans les trois prochains mois et mettre en place un calendrier de relogement qui s\u2019\u00e9talera jusqu\u2019\u00e0 la fin de l\u2019ann\u00e9e en cours, surtout pour ceux qui ont des pr\u00e9-affectations.<\/p>\n<hr>\n<p><em><strong>Lire aussi:\u00a0<a href=\"http:\/\/www.aps.dz\/economie\/87958-beldjoud-lancement-des-projets-d-equipement-et-de-logements\">Beldjoud pour le lancement \u00ab\u00a0simultan\u00e9\u00a0\u00bb des projets d\u2019\u00e9quipement et de\u00a0<span class=\"highlight\">logement<\/span>s<\/a><\/strong><\/em><\/p>\n<hr>\n<p>Il a soulign\u00e9 qu\u2019il faut unifier les efforts pour l\u2019ach\u00e8vement des travaux d\u2019am\u00e9nagement externe dans les plus brefs d\u00e9lais. Dans ce contexte, des instructions ont \u00e9t\u00e9 donn\u00e9es pour le lancement prochain de l\u2019\u00e9tude des dossiers de l\u2019habitat social.<\/p>\n<p>Des chefs de dairas ont \u00e9t\u00e9 instruits \u00e0 afficher des listes de b\u00e9n\u00e9ficiaires, acc\u00e9l\u00e9rer l\u2019\u00e9tude des dossiers au niveau des comit\u00e9s de dairas, selon la cellule de communication de la wilaya.<\/p>\n<p>Concernant les propri\u00e9taires de logements pr\u00e9caires du centre-ville, un programme d\u2019exception a \u00e9t\u00e9 r\u00e9serv\u00e9 portant sur le vieux b\u00e2ti suivant la priorit\u00e9 et selon les logements disponibles.<\/p>\n<p>S\u2019agissant du programme promotionnel public (LPP), le wali a demand\u00e9 des repr\u00e9sentants de l\u2019entreprise de promotion immobili\u00e8re de combler le retard pour le lancement des travaux de r\u00e9alisation de 3.500 logements qui sont en phase d\u2019\u00e9tude.<\/p>\n<\/div>\n<\/div>\n<p>Auteur:<br \/>\n<a href=\"http:\/\/www.aps.dz\/regions\/88253-oran-attribution-de-13-000-logements-aadl-a-leurs-beneficiaires-avant-septembre\">Cliquez ici pour lire l&rsquo;article depuis sa source.<\/a><\/p>\n","protected":false},"excerpt":{"rendered":"<p>ORAN &#8211; Pas moins de 13.000 logements de type location\/vente (AADL) seront attribu\u00e9s \u00e0 leurs b\u00e9n\u00e9ficiaires au nouveau p\u00f4le urbain \u00ab\u00a0Ahmed Zabana\u00a0\u00bb d\u2019Oran avant la fin du troisi\u00e8me trimestre de l\u2019ann\u00e9e en cours 2019, ont annonc\u00e9 jeudi les services de la wilaya. L\u2019op\u00e9ration de distribution de ce quota de logement se fera apr\u00e8s la fin [&hellip;]<\/p>\n","protected":false},"author":1790,"featured_media":28543,"comment_status":"closed","ping_status":"closed","sticky":false,"template":"","format":"standard","meta":{"fifu_image_url":"","fifu_image_alt":"","footnotes":""},"categories":[53,76],"tags":[],"class_list":["post-28542","post","type-post","status-publish","format-standard","has-post-thumbnail","hentry","category-algerie","category-regions"],"_links":{"self":[{"href":"https:\/\/linitiative.ca\/International\/wp-json\/wp\/v2\/posts\/28542","targetHints":{"allow":["GET"]}}],"collection":[{"href":"https:\/\/linitiative.ca\/International\/wp-json\/wp\/v2\/posts"}],"about":[{"href":"https:\/\/linitiative.ca\/International\/wp-json\/wp\/v2\/types\/post"}],"author":[{"embeddable":true,"href":"https:\/\/linitiative.ca\/International\/wp-json\/wp\/v2\/users\/1790"}],"replies":[{"embeddable":true,"href":"https:\/\/linitiative.ca\/International\/wp-json\/wp\/v2\/comments?post=28542"}],"version-history":[{"count":0,"href":"https:\/\/linitiative.ca\/International\/wp-json\/wp\/v2\/posts\/28542\/revisions"}],"wp:featuredmedia":[{"embeddable":true,"href":"https:\/\/linitiative.ca\/International\/wp-json\/"}],"wp:attachment":[{"href":"https:\/\/linitiative.ca\/International\/wp-json\/wp\/v2\/media?parent=28542"}],"wp:term":[{"taxonomy":"category","embeddable":true,"href":"https:\/\/linitiative.ca\/International\/wp-json\/wp\/v2\/categories?post=28542"},{"taxonomy":"post_tag","embeddable":true,"href":"https:\/\/linitiative.ca\/International\/wp-json\/wp\/v2\/tags?post=28542"}],"curies":[{"name":"wp","href":"https:\/\/api.w.org\/{rel}","templated":true}]}}