{"id":28594,"date":"2019-04-17T19:00:00","date_gmt":"2019-04-17T23:00:00","guid":{"rendered":"https:\/\/linitiative.ca\/International\/autorite-de-regulation-de-laudiovisuel-respecter-les-principes-de-deontologie\/"},"modified":"2019-04-17T19:00:00","modified_gmt":"2019-04-17T23:00:00","slug":"autorite-de-regulation-de-laudiovisuel-respecter-les-principes-de-deontologie","status":"publish","type":"post","link":"https:\/\/linitiative.ca\/International\/autorite-de-regulation-de-laudiovisuel-respecter-les-principes-de-deontologie\/","title":{"rendered":"Autorit\u00e9 de r\u00e9gulation de l\u2019audiovisuel  : respecter les principes de d\u00e9ontologie"},"content":{"rendered":"<p>\u00abIl y a n\u00e9cessit\u00e9 imp\u00e9rieuse de fournir une information de service public en toute \u2018\u2018transparence\u201d et de respecter \u201cle principe de la d\u00e9ontologie\u201d notamment dans la situation actuelle que traverse le pays\u00bb, c\u2019est en ces termes qu\u2019a rappel\u00e9, hier, l\u2019Autorit\u00e9 de r\u00e9gulation de l\u2019audiovisuel (ARAV), les cha\u00eenes TV, conform\u00e9ment \u00e0 ses missions et ses pr\u00e9rogatives pour la protection de la libert\u00e9 de l\u2019activit\u00e9 audiovisuelle pos\u00e9e par la Constitution et renforc\u00e9e par la l\u00e9gislation et la r\u00e9glementation en vigueur et au regard de la situation actuelle.<br \/>Cit\u00e9 par l\u2019APS, l\u2019ARAV rappelle, dans ce contexte, le principe de la d\u00e9ontologie qui lie la profession et les r\u00e8gles posant le droit du citoyen \u00e0 une information objective et ce, par une transmission des faits et autres \u00e9v\u00e9nements de fa\u00e7on \u00abneutre\u00bb, \u00abcompl\u00e8te\u00bb et \u00abloin\u00bb de toute appr\u00e9ciation \u00abtendancieuse\u00bb.\u00a0<br \/>Outre avoir rappel\u00e9 l\u2019imp\u00e9rieuse n\u00e9cessit\u00e9 de fournir une information de service public en toute transparence, l\u2019Autorit\u00e9 de r\u00e9gulation a, aussi, mis l\u2019accent sur l\u2019imp\u00e9ratif, d\u2019\u00e9viter de \u00abtendre\u00bb vers tout parti pris en faveur d\u2019une quelconque entit\u00e9 \u00abquelle que soit sa nature\u00bb, et \u00abd\u2019\u00e9viter\u00bb \u00e9galement de \u00abporter atteinte\u00bb aux valeurs et symboles de la R\u00e9publique, \u00e0 la vie priv\u00e9e et \u00e0 l\u2019honorabilit\u00e9 des personnes.\u00a0<br \/>Le gendarme du champ audiovisuel en Alg\u00e9rie, a, d\u2019autre part, rappel\u00e9, aux institutions audiovisuelles la n\u00e9cessit\u00e9, aujourd\u2019hui \u00abplus que jamais\u00bb de participer \u00e0 l\u2019enrichissement de la culture de la citoyennet\u00e9 pour \u00abrenforcer\u00bb et \u00abconsolider\u00bb les sentiments d\u2019appartenance \u00e0 une seule communaut\u00e9 nationale et \u00e0 la n\u00e9cessaire \u00absolidarit\u00e9\u00bb entre toutes ses composantes et ce, pour \u00ab\u00e9loigner\u00bb et \u00abbannir\u00bb tout sentiment de violence et\/ou de stigmatisation. \u00abCette attitude d\u00e9veloppera profond\u00e9ment le dialogue d\u00e9mocratique, l\u2019acceptation des diff\u00e9rences et l\u2019avis divergent\u00bb, souligne la m\u00eame source.\u00a0<br \/>L\u2019Autorit\u00e9, pr\u00e9sid\u00e9e par Zouaoui Benhamadi, a insist\u00e9 aupr\u00e8s des institutions publiques, des associations politiques et des organisations de la soci\u00e9t\u00e9 civile qui sont les principales sources de l\u2019actualit\u00e9 quotidienne de \u00abveiller\u00bb \u00e0 la v\u00e9racit\u00e9 des informations qu\u2019ils fournissent et d\u2019\u00e9viter toute forme de manipulation possible.\u00a0 L\u2019ARAV s\u2019est dit convaincue que l\u2019ensemble des institutions audiovisuelles saura comment mener et promouvoir cette mission d\u2019information en \u00abad\u00e9quation\u00bb avec les attentes nationales, surtout en cette p\u00e9riode de transition caract\u00e9ris\u00e9e, plus que jamais, par la n\u00e9cessit\u00e9 de pr\u00e9server l\u2019Etat national et la stabilit\u00e9 du pays.<br \/>Pour rappel,\u00a0le ministre de la Communication et porte-parole du gouvernement a d\u00e9clar\u00e9 r\u00e9cemment que le gouvernement, en vertu des principes d\u00e9mocratiques, demeure \u00absoucieux\u00bb de \u00abpr\u00e9server\u00bb la libert\u00e9 d\u2019expression et d\u2019opinion et appel\u00e9 les m\u00e9dias \u00e0 \u00abveiller\u00bb \u00e0 l\u2019int\u00e9r\u00eat supr\u00eame de la nation. Hassane Rabehi a indiqu\u00e9 en outre que son d\u00e9partement s\u2019attelle \u00e0 mettre en place un conseil d\u2019\u00e9thique et de d\u00e9ontologie de la corporation et assur\u00e9 que le gouvernement \u00abrespecte\u00bb l\u2019ensemble des m\u00e9dias nationaux, priv\u00e9s ou publics.<br \/>Pr\u00e9vue par la loi relative \u00e0 l\u2019activit\u00e9 audiovisuelle de 2014 et install\u00e9e par le gouvernement en juin 2016, l\u2019ARAV est, pour information, une instance constitutionnelle alg\u00e9rienne ind\u00e9pendante charg\u00e9e de l\u2019organisation du domaine audiovisuel et de la consolidation de la mission du service public en Alg\u00e9rie. Sa mission est de veiller au libre exercice de l\u2019activit\u00e9 audiovisuelle, \u00e0 l\u2019impartialit\u00e9, \u00e0 l\u2019objectivit\u00e9, \u00e0 la transparence et au respect des valeurs et des principes de la soci\u00e9t\u00e9 alg\u00e9rienne.<br \/>Cette Autorit\u00e9 ind\u00e9pendante assumera ses pr\u00e9rogatives \u00e0 la fois en tant que garant et gardien de la libert\u00e9 d\u2019exercice du m\u00e9tier. En mati\u00e8re de contr\u00f4le, l\u2019Autorit\u00e9 doit, entre autres, veiller \u00e0 la conformit\u00e9 aux lois et r\u00e8glements en vigueur, de tout programme audiovisuel diffus\u00e9, quel que soit le support, s\u2019assurer du respect des quotas minimums r\u00e9serv\u00e9s \u00e0 la production audiovisuelle nationale et \u00e0 l\u2019expression en langues nationales.<br \/>Sa mission sera appliqu\u00e9e aussi pour prot\u00e9ger les droits des journalistes et des artistes qui travaillent et travailleront dans ce domaine, veiller au respect de la l\u00e9gislation et de la r\u00e9glementation en vigueur et s\u00e9vir en cas d\u2019atteinte \u00e0 la m\u00e9moire collective, aux r\u00e9f\u00e9rents religieux, \u00e0 l\u2019identit\u00e9 nationale ou \u00e0 la coh\u00e9sion de la soci\u00e9t\u00e9 alg\u00e9rienne.<br \/><strong>Sami Ka\u00efdi<\/strong><br \/>\u00a0<\/p>\n<p>Auteur: elmoudjahid<br \/>\n<a href=\"http:\/\/www.elmoudjahid.com\/fr\/actualites\/135970\">Cliquez ici pour lire l&rsquo;article depuis sa source.<\/a><\/p>\n","protected":false},"excerpt":{"rendered":"<p>\u00abIl y a n\u00e9cessit\u00e9 imp\u00e9rieuse de fournir une information de service public en toute \u2018\u2018transparence\u201d et de respecter \u201cle principe de la d\u00e9ontologie\u201d notamment dans la situation actuelle que traverse le pays\u00bb, c\u2019est en ces termes qu\u2019a rappel\u00e9, hier, l\u2019Autorit\u00e9 de r\u00e9gulation de l\u2019audiovisuel (ARAV), les cha\u00eenes TV, conform\u00e9ment \u00e0 ses missions et ses pr\u00e9rogatives [&hellip;]<\/p>\n","protected":false},"author":1744,"featured_media":0,"comment_status":"closed","ping_status":"closed","sticky":false,"template":"","format":"standard","meta":{"fifu_image_url":"","fifu_image_alt":"","footnotes":""},"categories":[73,53],"tags":[],"class_list":["post-28594","post","type-post","status-publish","format-standard","hentry","category-actualite","category-algerie"],"_links":{"self":[{"href":"https:\/\/linitiative.ca\/International\/wp-json\/wp\/v2\/posts\/28594","targetHints":{"allow":["GET"]}}],"collection":[{"href":"https:\/\/linitiative.ca\/International\/wp-json\/wp\/v2\/posts"}],"about":[{"href":"https:\/\/linitiative.ca\/International\/wp-json\/wp\/v2\/types\/post"}],"author":[{"embeddable":true,"href":"https:\/\/linitiative.ca\/International\/wp-json\/wp\/v2\/users\/1744"}],"replies":[{"embeddable":true,"href":"https:\/\/linitiative.ca\/International\/wp-json\/wp\/v2\/comments?post=28594"}],"version-history":[{"count":0,"href":"https:\/\/linitiative.ca\/International\/wp-json\/wp\/v2\/posts\/28594\/revisions"}],"wp:attachment":[{"href":"https:\/\/linitiative.ca\/International\/wp-json\/wp\/v2\/media?parent=28594"}],"wp:term":[{"taxonomy":"category","embeddable":true,"href":"https:\/\/linitiative.ca\/International\/wp-json\/wp\/v2\/categories?post=28594"},{"taxonomy":"post_tag","embeddable":true,"href":"https:\/\/linitiative.ca\/International\/wp-json\/wp\/v2\/tags?post=28594"}],"curies":[{"name":"wp","href":"https:\/\/api.w.org\/{rel}","templated":true}]}}