{"id":28595,"date":"2019-04-17T19:00:00","date_gmt":"2019-04-17T23:00:00","guid":{"rendered":"https:\/\/linitiative.ca\/International\/les-services-de-securite-nont-jamais-ete-instruits-pour-reprimer-les-marches\/"},"modified":"2019-04-17T19:00:00","modified_gmt":"2019-04-17T23:00:00","slug":"les-services-de-securite-nont-jamais-ete-instruits-pour-reprimer-les-marches","status":"publish","type":"post","link":"https:\/\/linitiative.ca\/International\/les-services-de-securite-nont-jamais-ete-instruits-pour-reprimer-les-marches\/","title":{"rendered":"\u00ab Les services de s\u00e9curit\u00e9  n\u2019ont jamais  \u00e9t\u00e9 instruits pour r\u00e9primer  les marches \u00bb"},"content":{"rendered":"<p><strong>\u00abLa situation est encore ma\u00eetris\u00e9e, en d\u00e9pit de sa complexit\u00e9, et les ressources financi\u00e8res du pays nous permettent d\u2019assurer la stabilit\u00e9 \u00e9conomique\u00bb, a assur\u00e9, hier, le ministre de la Communication, porte-parole du gouvernement, Hassane Rabehi.<\/strong><\/p>\n<p>Lors d\u2019une conf\u00e9rence de presse tenue \u00e0 l\u2019issue d\u2019une r\u00e9union du Conseil de gouvernement, le ministre de la Communication a rassur\u00e9 sur le fait que \u00abla dette ext\u00e9rieure du pays ne d\u00e9passant pas le 1% du PIB n\u2019aura aucun impact sur la performance \u00e9conomique. Cela malgr\u00e9, aussi, les retomb\u00e9es de la crise \u00e9conomique mondiale\u00bb.<br \/>Le ministre a expliqu\u00e9 qu\u2019avec un prix de baril de p\u00e9trole de 71 dollars \u00ables pouvoirs publics pourront ex\u00e9cuter l\u2019agenda\u00a0 pour poursuivre les projets \u00e9conomiques, et mettre en \u0153uvre les promesses de d\u00e9veloppement socio\u00e9conomique. \u00abC\u2019est ce qui va d\u00e9clencher le processus de la redynamisation et la r\u00e9activation de l\u2019\u00e9conomie alg\u00e9rienne\u00bb, a-t-il ajout\u00e9.<br \/>Dans le grand hall du Palais du gouvernement, o\u00f9 les m\u00e9dias se sont press\u00e9s en grand nombre, le porte-parole du gouvernement, a expliqu\u00e9, qu\u2019en ces moments difficiles que traverse l\u2019Alg\u00e9rie,\u00a0 \u00able risque d\u2019absence d\u2019institutions publiques peut paralyser le pays\u00bb et\u00a0\u00abaura ainsi, immanquablement, des effets n\u00e9gatifs sur la continuit\u00e9 du service public\u00bb.<br \/>Tout en saluant le caract\u00e8re pacifique des marches populaires, \u00abqui ont donn\u00e9 une belle image du citoyen alg\u00e9rien et de son d\u00e9sir l\u00e9gitime d\u2019un avenir radieux pour le pays\u00bb, le porte-parole du gouvernement a r\u00e9pondu \u00e0 une question sur \u00abce sont des groupes isol\u00e9s et non repr\u00e9sentatifs de l\u2019ensemble des citoyens des wilayas o\u00f9 les membres du gouvernement se sont d\u00e9plac\u00e9s\u00bb, a d\u00e9clar\u00e9 le ministre M. Rabehi qui s\u2019exprimait en r\u00e9ponse \u00e0 une question sur l\u2019accueil r\u00e9serv\u00e9 \u00e0 certains ministres lors de leurs d\u00e9placements et visites de travail.<br \/>Pour M. Rabehi \u00ables membres du gouvernement sont aux premi\u00e8res lignes, en cette phase extr\u00eamement sensible pour veiller sur les int\u00e9r\u00eats sup\u00e9rieurs du pays et la d\u00e9fense des institutions de l\u2019Etat\u00bb. Le ministre saisira l\u2019occasion pour appeler les m\u00e9dias \u00e0 faire preuve de responsabilit\u00e9, \u00abdans la sensibilisation du citoyen quant au fonctionnement des institutions \u00e9tatiques et des diff\u00e9rentes administrations\u00bb. Il a exhort\u00e9 les professionnels des m\u00e9dias de ne pas trop verser dans la d\u00e9sinformation en vue de \u00abl\u2019immunisation de l\u2019opinion publique contre toute forme de manipulation dans ce contexte marqu\u00e9 par une situation \u00e9conomique et politique difficile\u00bb.<\/p>\n<p><strong>Le gouvernement \u00ab reste ouvert \u00e0 toutes les propositions et les bonnes volont\u00e9s pour sortir le pays de sa crise \u00bb<\/strong><\/p>\n<p>Interpell\u00e9 sur la question des affaires de corruption, le ministre a assur\u00e9 que \u00abla justice peut s\u2019auto-saisir en fonction des donn\u00e9es qui lui seront transmises\u00bb, en se r\u00e9f\u00e9rant au discours du chef de l\u2019Arm\u00e9e, M. Rabehi a ajout\u00e9 que la justice a toutes les pr\u00e9rogatives \u00abpour pouvoir enqu\u00eater sur ces dossiers\u00bb.<br \/>Par ailleurs, et en r\u00e9ponse \u00e0 une question sur la d\u00e9cision prise par un certain nombre de pr\u00e9sidents d\u2019APC de boycotter la supervision de l\u2019organisation des \u00e9lections et la r\u00e9vision des listes \u00e9lectorales, le porte-parole du gouvernement a d\u2019abord assur\u00e9 \u00abque le temps de la crise est r\u00e9volu\u00bb avant d\u2019accuser ces derniers\u00a0 qui refusent de s\u2019associer \u00e0 l\u2019administration et au gouvernement dans son action visant \u00e0 r\u00e9unir les meilleures conditions pour la pr\u00e9paration des \u00e9lections de \u00absurfer sur la vague du mouvement populaire\u00bb en qualifiant leur geste de politiquement \u00abill\u00e9gitime\u00bb.<br \/>Dans le m\u00eame contexte, le ministre a assur\u00e9 que le gouvernement \u00abreste ouvert \u00e0 toutes les propositions et les bonnes volont\u00e9s pour sortir le pays de sa crise\u00bb. Il a par ailleurs tenu \u00e0 apporter un d\u00e9menti quant aux accusations \u00abde r\u00e9pression\u00bb\u00a0 commis par les services de s\u00e9curit\u00e9 \u00abqui ont fait preuve d\u2019un grand professionnalisme dans la gestion des mouvements de foules et manifestations\u00bb.<br \/>\u00abAucune instruction sur l\u2019utilisation de la force contre les manifestants n\u2019a \u00e9t\u00e9 \u00e9mise\u00bb, a assur\u00e9 dans ce conteste M. Rabehi, qui a point\u00e9 du doigt certains m\u00e9dias, leur reprochant d\u2019entretenir \u00abla confusion\u00bb pour \u00abd\u00e9nigrer les services de s\u00e9curit\u00e9\u00bb, en assurant \u00abque la force ne sera r\u00e9serv\u00e9e que pour la protection des fronti\u00e8res du pays et la s\u00e9curit\u00e9 de ses institutions\u00bb.<br \/>S\u2019exprimant\u00a0 sur la probl\u00e9matique de la dette des journaux priv\u00e9s, le ministre \u00e0 apport\u00e9 un d\u00e9menti ici aussi, quant \u00e0 des r\u00e9v\u00e9lations sur \u00abl\u2019effacement\u00a0 des dettes de m\u00e9dias priv\u00e9s\u00bb.<br \/>\u00a0Il a ensuite rassur\u00e9 sur le fait que le gouvernement est dispos\u00e9 \u00e0 accompagner ces organes pour le remboursement de leurs dettes en leur dressant un \u00e9ch\u00e9ancier\u00bb, et cela dans l\u2019objectif \u00abde sauvegarder les postes d\u2019emploi au sein de ces organes, et pr\u00e9server par l\u00e0 m\u00eame, la diversit\u00e9 du paysage m\u00e9diatique alg\u00e9rien\u00bb.<br \/>Soulignant la disponibilit\u00e9 et la d\u00e9termination du gouvernement quant \u00e0 entretenir et poursuivre la coop\u00e9ration avec les m\u00e9dias publics et priv\u00e9s, en cette importante \u00e9tape de l\u2019histoire de la patrie, M. Rabehi est revenu sur la mise en place de la\u00a0 commission charg\u00e9e d\u2019appliquer la d\u00e9cision du gouvernement relative \u00e0 l\u2019adoption de la politique de \u00abtransparence et d\u2019objectivit\u00e9\u00bb dans l\u2019octroi de la publicit\u00e9 publique.<br \/>\u00a0Il tiendra, enfin, \u00e0 assurer que \u00ables portes de dialogues sont ouvertes pour\u00a0 les professionnels des deux secteurs, public et priv\u00e9, pour\u00a0 \u00e9tudier toutes les propositions\u00a0 afin d\u2019assurer une meilleure gestion de ce dossier et aller \u00e0 l\u2019avenir vers \u00abla lev\u00e9e du monopole\u00bb sur la publicit\u00e9 publique.<br \/><strong>Tahar Ka\u00efdi<\/strong><\/p>\n<p>Auteur: elmoudjahid<br \/>\n<a href=\"http:\/\/www.elmoudjahid.com\/fr\/actualites\/135971\">Cliquez ici pour lire l&rsquo;article depuis sa source.<\/a><\/p>\n","protected":false},"excerpt":{"rendered":"<p>\u00abLa situation est encore ma\u00eetris\u00e9e, en d\u00e9pit de sa complexit\u00e9, et les ressources financi\u00e8res du pays nous permettent d\u2019assurer la stabilit\u00e9 \u00e9conomique\u00bb, a assur\u00e9, hier, le ministre de la Communication, porte-parole du gouvernement, Hassane Rabehi. Lors d\u2019une conf\u00e9rence de presse tenue \u00e0 l\u2019issue d\u2019une r\u00e9union du Conseil de gouvernement, le ministre de la Communication a [&hellip;]<\/p>\n","protected":false},"author":1744,"featured_media":0,"comment_status":"closed","ping_status":"closed","sticky":false,"template":"","format":"standard","meta":{"fifu_image_url":"","fifu_image_alt":"","footnotes":""},"categories":[73,53],"tags":[],"class_list":["post-28595","post","type-post","status-publish","format-standard","hentry","category-actualite","category-algerie"],"_links":{"self":[{"href":"https:\/\/linitiative.ca\/International\/wp-json\/wp\/v2\/posts\/28595","targetHints":{"allow":["GET"]}}],"collection":[{"href":"https:\/\/linitiative.ca\/International\/wp-json\/wp\/v2\/posts"}],"about":[{"href":"https:\/\/linitiative.ca\/International\/wp-json\/wp\/v2\/types\/post"}],"author":[{"embeddable":true,"href":"https:\/\/linitiative.ca\/International\/wp-json\/wp\/v2\/users\/1744"}],"replies":[{"embeddable":true,"href":"https:\/\/linitiative.ca\/International\/wp-json\/wp\/v2\/comments?post=28595"}],"version-history":[{"count":0,"href":"https:\/\/linitiative.ca\/International\/wp-json\/wp\/v2\/posts\/28595\/revisions"}],"wp:attachment":[{"href":"https:\/\/linitiative.ca\/International\/wp-json\/wp\/v2\/media?parent=28595"}],"wp:term":[{"taxonomy":"category","embeddable":true,"href":"https:\/\/linitiative.ca\/International\/wp-json\/wp\/v2\/categories?post=28595"},{"taxonomy":"post_tag","embeddable":true,"href":"https:\/\/linitiative.ca\/International\/wp-json\/wp\/v2\/tags?post=28595"}],"curies":[{"name":"wp","href":"https:\/\/api.w.org\/{rel}","templated":true}]}}