{"id":28598,"date":"2019-04-18T10:42:12","date_gmt":"2019-04-18T14:42:12","guid":{"rendered":"https:\/\/linitiative.ca\/International\/88252-world-cadet-challenge-2019-azzala-et-belache-retenus-dans-l-equipe-africaine\/"},"modified":"2019-04-18T10:42:12","modified_gmt":"2019-04-18T14:42:12","slug":"88252-world-cadet-challenge-2019-azzala-et-belache-retenus-dans-l-equipe-africaine","status":"publish","type":"post","link":"https:\/\/linitiative.ca\/International\/88252-world-cadet-challenge-2019-azzala-et-belache-retenus-dans-l-equipe-africaine\/","title":{"rendered":"World Cadet Challenge 2019: Azzala et Belache retenus dans l&rsquo;\u00e9quipe africaine"},"content":{"rendered":"<div readability=\"41\">\n<p><strong>ALGER &#8211; Les pongistes alg\u00e9riens Abderrahmane Azzala et Melissa Belache ont \u00e9t\u00e9 retenus, par la F\u00e9d\u00e9ration africaine de tennis de table (ATTF), dans les s\u00e9lections africaines (gar\u00e7ons et filles), pour la World Cadette Challenge (WCC) 2019, qui aura lieu en Tha\u00eflande en novembre prochain, rapporte jeudi, le site ITTF-Africa Media.<\/strong><\/p>\n<\/div>\n<div readability=\"58.2469733656\">\n<p>Outre Melissa Belache, l&rsquo;\u00e9quipe f\u00e9minine africaine comprendra \u00e9galement la Nig\u00e9riane, Sukurat Aiyelabegan, la Tunisienne Maram Zoghlami\u00a0 et la championne africaine cadets et capitaine de l&rsquo;\u00e9quipe, l&rsquo;Egyptienne Hana Goda.<\/p>\n<p>Pour sa part, l&rsquo;Alg\u00e9rienne Abderrahmane Azzala composera l&rsquo;\u00e9quipe masculine cadette, aux c\u00f4t\u00e9s du champion d&rsquo;Afrique nig\u00e9rian Taiwo Matti, du Tunisien Habib Ameur et de l&rsquo;Egyptien Mohamed Sameh.<\/p>\n<p>La World Cadet Challenge (WCC) se tiendra en Pologne en octobre 2019.<\/p>\n<hr\/>\n<h3>Lire aussi:\u00a0<a href=\"http:\/\/www.aps.dz\/sport\/88077-tennis-de-table-championnat-d-afrique-2019-05-medailles-pour-l-algerie\" target=\"_blank\" rel=\"noopener noreferrer\">Tennis de table\/ Championnat d&rsquo;Afrique 2019 : 05 m\u00e9dailles pour l&rsquo;Alg\u00e9rie<\/a><\/h3>\n<hr\/>\n<p>Le Nig\u00e9ria chez les gar\u00e7ons et l&rsquo;Egypte en filles seront les portes- drapeaux du continent africain lors des deux comp\u00e9titions, apr\u00e8s avoir \u00e9t\u00e9 finalistes des \u00e9preuves par \u00e9quipes juniors et f\u00e9minines lors des Championnats africains juniors et cadets ITTF 2019 organis\u00e9s \u00e0 Accra, au Ghana, du 7 au 13 avril dernier.<\/p>\n<p>Le Nig\u00e9ria avait battu l&rsquo;Egypte (3-0), alors que l&rsquo;Egypte s&rsquo;est veng\u00e9e en cadette en surclassant le Nig\u00e9ria en finale f\u00e9minine (3-0).<\/p>\n<p>Pour pr\u00e9parer l&rsquo;\u00e9quipe africaine (gar\u00e7ons et filles), l&rsquo;ATTF envisage d&rsquo;organiser un camp d&rsquo;entrainement et de pr\u00e9paration en Egypte quelques semaines avant la comp\u00e9tition en Pologne.<\/p>\n<\/div>\n<p>Auteur:<br \/>\n<a href=\"http:\/\/www.aps.dz\/sport\/88252-world-cadet-challenge-2019-azzala-et-belache-retenus-dans-l-equipe-africaine?utm_source=feedburner&#038;utm_medium=feed&#038;utm_campaign=Feed%3A+aps-sport+%28APS+-+SPORT%29\">Cliquez ici pour lire l&rsquo;article depuis sa source.<\/a><\/p>\n","protected":false},"excerpt":{"rendered":"<p>ALGER &#8211; Les pongistes alg\u00e9riens Abderrahmane Azzala et Melissa Belache ont \u00e9t\u00e9 retenus, par la F\u00e9d\u00e9ration africaine de tennis de table (ATTF), dans les s\u00e9lections africaines (gar\u00e7ons et filles), pour la World Cadette Challenge (WCC) 2019, qui aura lieu en Tha\u00eflande en novembre prochain, rapporte jeudi, le site ITTF-Africa Media. Outre Melissa Belache, l&rsquo;\u00e9quipe f\u00e9minine [&hellip;]<\/p>\n","protected":false},"author":1790,"featured_media":0,"comment_status":"closed","ping_status":"closed","sticky":false,"template":"","format":"standard","meta":{"fifu_image_url":"","fifu_image_alt":"","footnotes":""},"categories":[53,75],"tags":[],"class_list":["post-28598","post","type-post","status-publish","format-standard","hentry","category-algerie","category-sport"],"_links":{"self":[{"href":"https:\/\/linitiative.ca\/International\/wp-json\/wp\/v2\/posts\/28598","targetHints":{"allow":["GET"]}}],"collection":[{"href":"https:\/\/linitiative.ca\/International\/wp-json\/wp\/v2\/posts"}],"about":[{"href":"https:\/\/linitiative.ca\/International\/wp-json\/wp\/v2\/types\/post"}],"author":[{"embeddable":true,"href":"https:\/\/linitiative.ca\/International\/wp-json\/wp\/v2\/users\/1790"}],"replies":[{"embeddable":true,"href":"https:\/\/linitiative.ca\/International\/wp-json\/wp\/v2\/comments?post=28598"}],"version-history":[{"count":0,"href":"https:\/\/linitiative.ca\/International\/wp-json\/wp\/v2\/posts\/28598\/revisions"}],"wp:attachment":[{"href":"https:\/\/linitiative.ca\/International\/wp-json\/wp\/v2\/media?parent=28598"}],"wp:term":[{"taxonomy":"category","embeddable":true,"href":"https:\/\/linitiative.ca\/International\/wp-json\/wp\/v2\/categories?post=28598"},{"taxonomy":"post_tag","embeddable":true,"href":"https:\/\/linitiative.ca\/International\/wp-json\/wp\/v2\/tags?post=28598"}],"curies":[{"name":"wp","href":"https:\/\/api.w.org\/{rel}","templated":true}]}}