{"id":28622,"date":"2019-04-18T11:41:00","date_gmt":"2019-04-18T15:41:00","guid":{"rendered":"https:\/\/linitiative.ca\/International\/classement-de-la-liberte-de-la-presse-la-tunisie-progresse-de-25-places-et-passe-au-72e-rang\/"},"modified":"2019-04-18T11:41:00","modified_gmt":"2019-04-18T15:41:00","slug":"classement-de-la-liberte-de-la-presse-la-tunisie-progresse-de-25-places-et-passe-au-72e-rang","status":"publish","type":"post","link":"https:\/\/linitiative.ca\/International\/classement-de-la-liberte-de-la-presse-la-tunisie-progresse-de-25-places-et-passe-au-72e-rang\/","title":{"rendered":"Classement de la libert\u00e9 de la presse: la Tunisie progresse de 25 places et passe au 72e rang"},"content":{"rendered":"<p>\u00abReporters Sans fronti\u00e8res vient de publier son classement mondial de la libert\u00e9 de la presse qui \u00e9value chaque ann\u00e9e la situation du journaliste dans 100 pays. Dans son analyse par r\u00e9gion des r\u00e9sultats, on peut lire concernant la Tunisie : dans une r\u00e9gion o\u00f9 le journalisme est mis \u00e0 rude \u00e9preuve par la volont\u00e9 manifeste des dirigeants de contr\u00f4ler la presse, et d\u2019attaquer les journalistes qui enqu\u00eatent sur les sujets sensibles de la corruption ou couvrent les soul\u00e8vements populaires, la Tunisie fait figure d\u2019exception. Seul pays d\u2019Afrique du Nord \u00e0 poursuivre sa transition vers la d\u00e9mocratie apr\u00e8s les soul\u00e8vements du printemps arabe, elle progresse de 25 places dans l\u2019\u00e9dition 2019 du Classement mondial de la libert\u00e9 de la presse, et passe ainsi de la 97e \u00e0 la 72e place.<\/p>\n<p>Reporters Sans Fronti\u00e8res impute cette avanc\u00e9e principalement \u00e0 \u00abla baisse notable des exactions contre les journalistes et les m\u00e9dias dans le pays. L\u2019engagement de la Tunisie en faveur de la d\u00e9mocratisation s\u2019est aussi concr\u00e9tis\u00e9 lors de l\u2019adh\u00e9sion du pays \u00e0 l\u2019initiative Information et D\u00e9mocratie lanc\u00e9e par RSF en novembre dernier lors du Forum de Paris sur la Paix. Pour maintenir cette dynamique, qui confirme l\u2019affermissement de la jeune d\u00e9mocratie tunisienne, plusieurs d\u00e9fis doivent encore \u00eatre relev\u00e9s. Le plus imm\u00e9diat sera l\u2019installation, courant 2019, de la nouvelle instance de r\u00e9gulation de la communication audiovisuelle ICA, conform\u00e9ment aux standards internationaux en mati\u00e8re de libert\u00e9 de l\u2019information\u00bb.<\/p>\n<p>A noter que la Tunisie devance nettement dans ce classement le Maroc qui tra\u00eene \u00e0 la 135e place et l&rsquo;Alg\u00e9rie \u00e0 la 141e place.\u00a0<\/p>\n<p>Auteur:<br \/>\n<a href=\"https:\/\/www.leaders.com.tn\/article\/26921-classement-de-la-liberte-de-la-presse-la-tunisie-progresse-de-25-places-et-passe-au-72e-rang\">Cliquez ici pour lire l&rsquo;article depuis sa source.<\/a><\/p>\n","protected":false},"excerpt":{"rendered":"<p>\u00abReporters Sans fronti\u00e8res vient de publier son classement mondial de la libert\u00e9 de la presse qui \u00e9value chaque ann\u00e9e la situation du journaliste dans 100 pays. Dans son analyse par r\u00e9gion des r\u00e9sultats, on peut lire concernant la Tunisie : dans une r\u00e9gion o\u00f9 le journalisme est mis \u00e0 rude \u00e9preuve par la volont\u00e9 manifeste [&hellip;]<\/p>\n","protected":false},"author":1772,"featured_media":0,"comment_status":"closed","ping_status":"closed","sticky":false,"template":"","format":"standard","meta":{"fifu_image_url":"","fifu_image_alt":"","footnotes":""},"categories":[73,55],"tags":[],"class_list":["post-28622","post","type-post","status-publish","format-standard","hentry","category-actualite","category-tunisie"],"_links":{"self":[{"href":"https:\/\/linitiative.ca\/International\/wp-json\/wp\/v2\/posts\/28622","targetHints":{"allow":["GET"]}}],"collection":[{"href":"https:\/\/linitiative.ca\/International\/wp-json\/wp\/v2\/posts"}],"about":[{"href":"https:\/\/linitiative.ca\/International\/wp-json\/wp\/v2\/types\/post"}],"author":[{"embeddable":true,"href":"https:\/\/linitiative.ca\/International\/wp-json\/wp\/v2\/users\/1772"}],"replies":[{"embeddable":true,"href":"https:\/\/linitiative.ca\/International\/wp-json\/wp\/v2\/comments?post=28622"}],"version-history":[{"count":0,"href":"https:\/\/linitiative.ca\/International\/wp-json\/wp\/v2\/posts\/28622\/revisions"}],"wp:attachment":[{"href":"https:\/\/linitiative.ca\/International\/wp-json\/wp\/v2\/media?parent=28622"}],"wp:term":[{"taxonomy":"category","embeddable":true,"href":"https:\/\/linitiative.ca\/International\/wp-json\/wp\/v2\/categories?post=28622"},{"taxonomy":"post_tag","embeddable":true,"href":"https:\/\/linitiative.ca\/International\/wp-json\/wp\/v2\/tags?post=28622"}],"curies":[{"name":"wp","href":"https:\/\/api.w.org\/{rel}","templated":true}]}}