{"id":28623,"date":"2019-04-18T13:12:00","date_gmt":"2019-04-18T17:12:00","guid":{"rendered":"https:\/\/linitiative.ca\/International\/linstitut-salah-azaiz-50-ans-et-presque-pas-une-ride\/"},"modified":"2019-04-18T13:12:00","modified_gmt":"2019-04-18T17:12:00","slug":"linstitut-salah-azaiz-50-ans-et-presque-pas-une-ride","status":"publish","type":"post","link":"https:\/\/linitiative.ca\/International\/linstitut-salah-azaiz-50-ans-et-presque-pas-une-ride\/","title":{"rendered":"L&rsquo;Institut Salah Azaiz: 50 ans et presque pas une ride"},"content":{"rendered":"<p>Que de chemin parcouru en cinq d\u00e9cennies pour ce centre qui incarne la r\u00e9f\u00e9rence nationale de la lutte contre la maladie canc\u00e9reuse.\u00a0<\/p>\n<p>L&rsquo;institut National de canc\u00e9rologie a \u00e9t\u00e9 fond\u00e9 en 1969 et porte le nom du chirurgien et militant nationaliste Salah Aza\u00efz disparu en 1953. Actuellement dot\u00e9 de services de m\u00e9decine oncologique, de radioth\u00e9rapie, de chirurgie, d&rsquo;oto-rhino-laryngologie, d&rsquo;anatomo-pathologie, de radiologie et de m\u00e9decine nucl\u00e9aire, l&rsquo;Institut Salah Aza\u00efz voit d\u00e9filer annuellement des dizaines de milliers de patients venant de toute la Tunisie. au terme d&rsquo;une \u00e9troite collaboration pluri-disciplinaire.\u00a0<\/p>\n<p>On est en droit de critiquer les lenteurs des d\u00e9lais de prise en charge dues \u00e0 l&rsquo;encombrement, mais cela ne diminue en rien l&rsquo;ampleur des services rendus comme l&rsquo;atteste le nombre de malades qui peuvent b\u00e9n\u00e9ficier d&rsquo;une prise en charge de qualit\u00e9 prodigu\u00e9e par des \u00e9quipes m\u00e9dicales chevronn\u00e9es et d\u00e9vou\u00e9es.<\/p>\n<p>Un malade suivi \u00e0 l&rsquo;Institut Salah Azaiz peut d\u00e9sormais b\u00e9n\u00e9ficier d&rsquo;un scanner 128 barrettes, de biopsies tumorales guid\u00e9es par scanner ou par \u00e9chographie, d&rsquo;un service d&rsquo;anatomopathologie performant, d&rsquo;une radioth\u00e9rapie guid\u00e9e par imagerie gr\u00e2ce au nouvel acc\u00e9l\u00e9rateur lin\u00e9aire \u00e9quip\u00e9 d&rsquo;une imagerie embarqu\u00e9e acquis en 2018, de la robot-chirurgie et des th\u00e9rapies syst\u00e9miques cibl\u00e9es. L&rsquo;h\u00f4pital se dotera incessamment d&rsquo;un PET-scanner, dernier cri des techniques d&rsquo;imagerie.<\/p>\n<p>Dans un pays o\u00f9 la sant\u00e9 publique est r\u00e9guli\u00e8rement d\u00e9nigr\u00e9e, il est important de souligner que des hommes et des femmes, du haut de leurs institutions ne sont pas pr\u00eats d&rsquo;abdiquer.<\/p>\n<p class=\"c2\"><strong>Khalil B\u00e8hi<\/strong><br \/>\u00a0<\/p>\n<p>Auteur:<br \/>\n<a href=\"https:\/\/www.leaders.com.tn\/article\/26923-l-institut-salah-azaiz-50-ans-et-presque-pas-une-ride\">Cliquez ici pour lire l&rsquo;article depuis sa source.<\/a><\/p>\n","protected":false},"excerpt":{"rendered":"<p>Que de chemin parcouru en cinq d\u00e9cennies pour ce centre qui incarne la r\u00e9f\u00e9rence nationale de la lutte contre la maladie canc\u00e9reuse.\u00a0 L&rsquo;institut National de canc\u00e9rologie a \u00e9t\u00e9 fond\u00e9 en 1969 et porte le nom du chirurgien et militant nationaliste Salah Aza\u00efz disparu en 1953. Actuellement dot\u00e9 de services de m\u00e9decine oncologique, de radioth\u00e9rapie, de [&hellip;]<\/p>\n","protected":false},"author":1772,"featured_media":0,"comment_status":"closed","ping_status":"closed","sticky":false,"template":"","format":"standard","meta":{"fifu_image_url":"","fifu_image_alt":"","footnotes":""},"categories":[73,55],"tags":[],"class_list":["post-28623","post","type-post","status-publish","format-standard","hentry","category-actualite","category-tunisie"],"_links":{"self":[{"href":"https:\/\/linitiative.ca\/International\/wp-json\/wp\/v2\/posts\/28623","targetHints":{"allow":["GET"]}}],"collection":[{"href":"https:\/\/linitiative.ca\/International\/wp-json\/wp\/v2\/posts"}],"about":[{"href":"https:\/\/linitiative.ca\/International\/wp-json\/wp\/v2\/types\/post"}],"author":[{"embeddable":true,"href":"https:\/\/linitiative.ca\/International\/wp-json\/wp\/v2\/users\/1772"}],"replies":[{"embeddable":true,"href":"https:\/\/linitiative.ca\/International\/wp-json\/wp\/v2\/comments?post=28623"}],"version-history":[{"count":0,"href":"https:\/\/linitiative.ca\/International\/wp-json\/wp\/v2\/posts\/28623\/revisions"}],"wp:attachment":[{"href":"https:\/\/linitiative.ca\/International\/wp-json\/wp\/v2\/media?parent=28623"}],"wp:term":[{"taxonomy":"category","embeddable":true,"href":"https:\/\/linitiative.ca\/International\/wp-json\/wp\/v2\/categories?post=28623"},{"taxonomy":"post_tag","embeddable":true,"href":"https:\/\/linitiative.ca\/International\/wp-json\/wp\/v2\/tags?post=28623"}],"curies":[{"name":"wp","href":"https:\/\/api.w.org\/{rel}","templated":true}]}}