{"id":28624,"date":"2019-04-18T14:15:00","date_gmt":"2019-04-18T18:15:00","guid":{"rendered":"https:\/\/linitiative.ca\/International\/mohamed-hafedh-cherif\/"},"modified":"2019-04-18T14:15:00","modified_gmt":"2019-04-18T18:15:00","slug":"mohamed-hafedh-cherif","status":"publish","type":"post","link":"https:\/\/linitiative.ca\/International\/mohamed-hafedh-cherif\/","title":{"rendered":"Mohamed Hafedh Cherif"},"content":{"rendered":"<h2>Informations personnelles<\/h2>\n<p><strong>Nom et pr\u00e9nom:<\/strong> Mohamed Hafedh Cherif<\/p>\n<p><strong>Date de naissance:<\/strong> 23-10-1968 (51 ans)<\/p>\n<p><strong>Nationalit\u00e9:<\/strong> tunisienne<\/p>\n<h2>Dipl\u00f4mes<\/h2>\n<p>&#8211; Licence en droit (droit g\u00e9n\u00e9ral)<\/p>\n<p>&#8211; Dipl\u00f4me des hautes \u00e9tudes \u00e0 l\u2019Ecole Nationale d\u2019Administration (conseiller en comptabilit\u00e9)<\/p>\n<p><span class=\"c2\"><strong>Fonction administrative<\/strong><\/span>: Comptable g\u00e9n\u00e9ral<\/p>\n<p><span class=\"c2\"><strong>Fonction actuelle:<\/strong><\/span> directeur g\u00e9n\u00e9rale de l\u2019agence nationale de protection de l\u2019environnement<\/p>\n<h2>Parcours professionnel<\/h2>\n<ul>\n<li>2017-2018 charg\u00e9 de mission \u00e0 l\u2019office de la pr\u00e9sidence du gouvernement<\/li>\n<li>2016 charg\u00e9 de mission \u00e0 l\u2019office du minist\u00e8re des affaires locales et de l\u2019environnement<\/li>\n<li>2010-2011 gouverneur du gouvernorat de Kasserine<\/li>\n<\/ul>\n<h3>Secr\u00e9taire g\u00e9n\u00e9ral du gouvernorat<\/h3>\n<ul>\n<li>2010 Sousse<\/li>\n<li>2006-2010 Kasserine<\/li>\n<li>2004-2006 Zaghouan<\/li>\n<li>2003 Kef<\/li>\n<li>2002-2003 d\u00e9l\u00e9gu\u00e9 \u00e0 la d\u00e9l\u00e9gation d\u2019Ennadhour<\/li>\n<li>1996-2002 directeur \u2026 \u00e0 la municipalit\u00e9 de Tunis<\/li>\n<\/ul>\n<h2>Enseignement<\/h2>\n<ul>\n<li>Enseignant \u00e0 l\u2019ENA de \u2026 et des autorisations municipales<\/li>\n<li>Enseignement \u00e0 l\u2019institut sup\u00e9rieur des sciences humaines au Kef de loi administrative<\/li>\n<li>Enseignant \u00e0 l\u2019Ecole Sup\u00e9rieure d&rsquo;Agriculture de Mograne de comptabilit\u00e9 publique<\/li>\n<\/ul>\n<h2>Membre du conseil d\u2019administration<\/h2>\n<ul>\n<li>De la soci\u00e9t\u00e9 de d\u00e9veloppement de Sousse nord (El Kantaoui)<\/li>\n<li>Soci\u00e9t\u00e9 nationale de cellulose et de papier<\/li>\n<li>Office de d\u00e9veloppement du nord ouest<\/li>\n<li>Office de d\u00e9veloppement du centre ouest<\/li>\n<li>Soci\u00e9t\u00e9 de transport du Kef<\/li>\n<li>Soci\u00e9t\u00e9 de transport de Kasserine<\/li>\n<\/ul>\n<h2>Exp\u00e9rience en d\u00e9veloppement r\u00e9gional<\/h2>\n<ul>\n<li>Membre du comit\u00e9 national GOLD TUNISIE appartenant au PNUD<\/li>\n<li>Coordinateur r\u00e9gional du comit\u00e9 de pr\u00e9paration de plan touristique de la ville du Kef avec l\u2019aide du district d\u2019Enna en Italie<\/li>\n<li>Pr\u00e9sident du comit\u00e9 r\u00e9gional de protection des c\u00f4tes au gouvernorat de Sousse<\/li>\n<li>Coordinateur g\u00e9n\u00e9ral du projet de r\u00e9alisation de la zone industrielle de Zriba 2 et 3 au gouvernorat de Zaghouan<\/li>\n<li>Coordinateur g\u00e9n\u00e9ral du projet d\u2019agrandissement de la zone hydrique en accord avec l\u2019agence immobili\u00e8re agricole de Zaghouan, Kasserine et Kef<\/li>\n<li>Pr\u00e9sident des comit\u00e9s de surveillance pour l\u2019oranisation du d\u00e9veloppement et de la coop\u00e9ration dans le secteur priv\u00e9 dans les gouvernorats de Zaghouan, Kef, Kasserine et Sousse.<\/li>\n<\/ul>\n<p>Auteur:<br \/>\n<a href=\"https:\/\/www.leaders.com.tn\/article\/26924-mohamed-hafedh-cherif\">Cliquez ici pour lire l&rsquo;article depuis sa source.<\/a><\/p>\n","protected":false},"excerpt":{"rendered":"<p>Informations personnelles Nom et pr\u00e9nom: Mohamed Hafedh Cherif Date de naissance: 23-10-1968 (51 ans) Nationalit\u00e9: tunisienne Dipl\u00f4mes &#8211; Licence en droit (droit g\u00e9n\u00e9ral) &#8211; Dipl\u00f4me des hautes \u00e9tudes \u00e0 l\u2019Ecole Nationale d\u2019Administration (conseiller en comptabilit\u00e9) Fonction administrative: Comptable g\u00e9n\u00e9ral Fonction actuelle: directeur g\u00e9n\u00e9rale de l\u2019agence nationale de protection de l\u2019environnement Parcours professionnel 2017-2018 charg\u00e9 de [&hellip;]<\/p>\n","protected":false},"author":1772,"featured_media":0,"comment_status":"closed","ping_status":"closed","sticky":false,"template":"","format":"standard","meta":{"fifu_image_url":"","fifu_image_alt":"","footnotes":""},"categories":[73,55],"tags":[],"class_list":["post-28624","post","type-post","status-publish","format-standard","hentry","category-actualite","category-tunisie"],"_links":{"self":[{"href":"https:\/\/linitiative.ca\/International\/wp-json\/wp\/v2\/posts\/28624","targetHints":{"allow":["GET"]}}],"collection":[{"href":"https:\/\/linitiative.ca\/International\/wp-json\/wp\/v2\/posts"}],"about":[{"href":"https:\/\/linitiative.ca\/International\/wp-json\/wp\/v2\/types\/post"}],"author":[{"embeddable":true,"href":"https:\/\/linitiative.ca\/International\/wp-json\/wp\/v2\/users\/1772"}],"replies":[{"embeddable":true,"href":"https:\/\/linitiative.ca\/International\/wp-json\/wp\/v2\/comments?post=28624"}],"version-history":[{"count":0,"href":"https:\/\/linitiative.ca\/International\/wp-json\/wp\/v2\/posts\/28624\/revisions"}],"wp:attachment":[{"href":"https:\/\/linitiative.ca\/International\/wp-json\/wp\/v2\/media?parent=28624"}],"wp:term":[{"taxonomy":"category","embeddable":true,"href":"https:\/\/linitiative.ca\/International\/wp-json\/wp\/v2\/categories?post=28624"},{"taxonomy":"post_tag","embeddable":true,"href":"https:\/\/linitiative.ca\/International\/wp-json\/wp\/v2\/tags?post=28624"}],"curies":[{"name":"wp","href":"https:\/\/api.w.org\/{rel}","templated":true}]}}