{"id":28628,"date":"2019-04-18T06:00:00","date_gmt":"2019-04-18T10:00:00","guid":{"rendered":"https:\/\/linitiative.ca\/International\/le-procureur-ordonne-louverture-dune-enquete-sur-lachat-de-pieces-de-rechange-par-lapc-de-hassi-zahana\/"},"modified":"2019-04-18T06:00:00","modified_gmt":"2019-04-18T10:00:00","slug":"le-procureur-ordonne-louverture-dune-enquete-sur-lachat-de-pieces-de-rechange-par-lapc-de-hassi-zahana","status":"publish","type":"post","link":"https:\/\/linitiative.ca\/International\/le-procureur-ordonne-louverture-dune-enquete-sur-lachat-de-pieces-de-rechange-par-lapc-de-hassi-zahana\/","title":{"rendered":"Le procureur ordonne l\u2019ouverture d\u2019une enqu\u00eate sur l\u2019achat de pi\u00e8ces de rechange par l\u2019APC de Hassi Zahana"},"content":{"rendered":"<p>Dans la journ\u00e9e hier, le procureur de la R\u00e9publique du tribunal de Benbadis a ordonn\u00e9 l\u2019ouverture par la gendarmerie d\u2019une enqu\u00eate autour d\u2019une affaire d\u2019achat de pi\u00e8ces de rechange du parc roulant de l\u2019APC de Hassi Zahana qui se chiffrait \u00e0 plusieurs centaines de millions, selon nos sources.<br \/>Il y a lieu de rappeler au passage que l\u2019APC de Hassi Zahana est ferm\u00e9e depuis plusieurs jours par les citoyens qui exigent le d\u00e9part du P\/APC.\u00a0<br \/>Mais cependant, dans la matin\u00e9e d\u2019hier, ces derniers ont finalement rouvert la mairie lorsqu\u2019ils ont appris que la gendarmerie a ouvert une enqu\u00eate pour l\u2019affaire de l\u2019achat de pi\u00e8ces de rechange du parc et qu\u2019une inspection a \u00e9t\u00e9 d\u00e9p\u00each\u00e9e par la wilaya \u00e0 l\u2019APC. En attendant les r\u00e9sultats de l\u2019enqu\u00eate et de l\u2019inspection, la mairie a repris du service.<\/p>\n<p><strong>150 comprim\u00e9s psychotropes saisis<\/strong><br \/>Dans la journ\u00e9e du mardi, les gendarmes de la localit\u00e9 de Ca\u00efd-Belarbi ont, au cours d\u2019un contr\u00f4le de routine dans un car de voyageurs, intercept\u00e9 150 comprim\u00e9s psychotropes chez une personne r\u00e9sidant dans la wilaya de B\u00e9char.\u00a0<br \/>La quantit\u00e9 de psychotropes a \u00e9t\u00e9 saisie. Le B\u00e9chari qui a \u00e9t\u00e9 arr\u00eat\u00e9 sera en principe d\u00e9f\u00e9r\u00e9 devant le procureur de la R\u00e9publique de Sidi-Bel-Abb\u00e8s dans la journ\u00e9e d\u2019hier.<br \/>A. M.<\/p>\n<p>Auteur:<br \/>\n<a href=\"https:\/\/www.lesoirdalgerie.com\/regions\/le-procureur-ordonne-louverture-dune-enquete-sur-lachat-de-pieces-de-rechange-par-lapc-de-hassi-zahana-22537\">Cliquez ici pour lire l&rsquo;article depuis sa source.<\/a><\/p>\n","protected":false},"excerpt":{"rendered":"<p>Dans la journ\u00e9e hier, le procureur de la R\u00e9publique du tribunal de Benbadis a ordonn\u00e9 l\u2019ouverture par la gendarmerie d\u2019une enqu\u00eate autour d\u2019une affaire d\u2019achat de pi\u00e8ces de rechange du parc roulant de l\u2019APC de Hassi Zahana qui se chiffrait \u00e0 plusieurs centaines de millions, selon nos sources.Il y a lieu de rappeler au passage [&hellip;]<\/p>\n","protected":false},"author":1741,"featured_media":0,"comment_status":"closed","ping_status":"closed","sticky":false,"template":"","format":"standard","meta":{"fifu_image_url":"","fifu_image_alt":"","footnotes":""},"categories":[73,53],"tags":[],"class_list":["post-28628","post","type-post","status-publish","format-standard","hentry","category-actualite","category-algerie"],"_links":{"self":[{"href":"https:\/\/linitiative.ca\/International\/wp-json\/wp\/v2\/posts\/28628","targetHints":{"allow":["GET"]}}],"collection":[{"href":"https:\/\/linitiative.ca\/International\/wp-json\/wp\/v2\/posts"}],"about":[{"href":"https:\/\/linitiative.ca\/International\/wp-json\/wp\/v2\/types\/post"}],"author":[{"embeddable":true,"href":"https:\/\/linitiative.ca\/International\/wp-json\/wp\/v2\/users\/1741"}],"replies":[{"embeddable":true,"href":"https:\/\/linitiative.ca\/International\/wp-json\/wp\/v2\/comments?post=28628"}],"version-history":[{"count":0,"href":"https:\/\/linitiative.ca\/International\/wp-json\/wp\/v2\/posts\/28628\/revisions"}],"wp:attachment":[{"href":"https:\/\/linitiative.ca\/International\/wp-json\/wp\/v2\/media?parent=28628"}],"wp:term":[{"taxonomy":"category","embeddable":true,"href":"https:\/\/linitiative.ca\/International\/wp-json\/wp\/v2\/categories?post=28628"},{"taxonomy":"post_tag","embeddable":true,"href":"https:\/\/linitiative.ca\/International\/wp-json\/wp\/v2\/tags?post=28628"}],"curies":[{"name":"wp","href":"https:\/\/api.w.org\/{rel}","templated":true}]}}