{"id":28641,"date":"2019-04-18T07:04:00","date_gmt":"2019-04-18T11:04:00","guid":{"rendered":"https:\/\/linitiative.ca\/International\/siam-2019-un-produit-dassurance-volaille-voit-le-jour\/"},"modified":"2019-04-18T07:04:00","modified_gmt":"2019-04-18T11:04:00","slug":"siam-2019-un-produit-dassurance-volaille-voit-le-jour","status":"publish","type":"post","link":"https:\/\/linitiative.ca\/International\/siam-2019-un-produit-dassurance-volaille-voit-le-jour\/","title":{"rendered":"SIAM 2019: un produit d\u2019assurance volaille voit le jour"},"content":{"rendered":"<p>La <strong>Mutuelle Agricole Marocaine d\u2019Assurances<\/strong> (MAMDA) et la F\u00e9d\u00e9ration Interprofessionnelle du Secteur Avicole (FISA) ont sign\u00e9, mercredi \u00e0 Mekn\u00e8s en marge de la 14\u00e8me \u00e9dition du Salon International de l\u2019Agriculture au Maroc (SIAM 2019), une convention d\u2019assurances portant sur le d\u00e9ploiement de produits d\u2019assurance d\u00e9di\u00e9s \u00e0 la fili\u00e8re avicole.<\/p>\n<div class=\"c10\"\/>\n<p>Ainsi, la MAMDA lance pour la premi\u00e8re fois au Maroc et pour tous les aviculteurs un produit d\u2019assurance volailles offrant la garantie du paiement d\u2019une indemnit\u00e9 compl\u00e9mentaire \u00e0 celle pr\u00e9vue par les arr\u00eat\u00e9s en vigueur et couvrant l\u2019une des maladies r\u00e9put\u00e9es l\u00e9galement contagieuses (Influenza aviaire hautement pathog\u00e8ne (IAHP), maladie de Newcastle (NC) et Salmonelle Pulorrum Galinarum (SPG)).<\/p>\n<p>Elle mettra \u00e9galement \u00e0 la disposition de l\u2019ensemble des adh\u00e9rents et de leurs collaborateurs une panoplie de produits d\u2019assurance adapt\u00e9s \u00e0 leurs activit\u00e9s et \u00e0 taux pr\u00e9f\u00e9rentiels.<\/p>\n<p>La FISA et les organisations professionnelles de la fili\u00e8re avicole et leurs adh\u00e9rents, en l\u2019occurrence l\u2019Association des fabricants d\u2019aliments compos\u00e9s (AFAC), l\u2019Association nationale des accouveurs marocains (ANAM), l\u2019Association nationale des producteurs des viandes de volailles (APV), l\u2019Association nationale des producteurs d\u2019\u0153ufs de consommation (ANPO) et l\u2019Association nationale des abattoirs industriels avicoles (ANAVI) figurent parmi les b\u00e9n\u00e9ficiaires de cette convention.<\/p>\n<p>Assureur historique de l\u2019agriculture, MAMDA inscrit ce dispositif dans le cadre de ses efforts en vue de l\u2019am\u00e9lioration du taux de p\u00e9n\u00e9tration de l\u2019assurance au sein de la fili\u00e8re avicole et de la protection des op\u00e9rateurs et de leurs activit\u00e9s.<\/p>\n<p>Ainsi, l\u2019<strong>Assurance Volaille<\/strong> nouvellement con\u00e7ue entre dans le cadre d\u2019une formule basique incluant une multirisque automobile, les accidents du travail et maladies professionnelles, la responsabilit\u00e9 civile exploitation ainsi que l\u2019Incendie-Explosions ou multirisque industrielle.<\/p>\n<p>Ce pack peut \u00eatre enrichi par des couvertures compl\u00e9mentaires telles que l\u2019individuel accident, la maladie (Attaamine Attadoudi), la retraite, d\u00e9c\u00e8s et invalidit\u00e9 et le transport de marchandises.<\/p>\n<p>L\u2019assureur propose \u00e9galement aux aviculteurs, aussi bien membres de la FISA que des organisations professionnelles affili\u00e9es, une assurance maladie comprenant une s\u00e9rie de prestations d\u00e9clin\u00e9es notamment sous forme d\u2019une formule basique et d\u2019une formule enrichie.<\/p>\n<p>En coordination avec la <strong>FISA<\/strong>, MAMDA m\u00e8nera des campagnes de sensibilisation aupr\u00e8s des b\u00e9n\u00e9ficiaires de cette convention, afin de les sensibiliser quant \u00e0 la port\u00e9e de ces produits d\u2019assurance et de leur impact sur l\u2019activit\u00e9 quotidienne des op\u00e9rateurs de la fili\u00e8re.<\/p>\n<div class=\"c17\">\n<fieldset class=\"c16\">\n<legend><strong><span class=\"c11\">Challenge<\/span><span class=\"c12\">news<\/span><\/strong><\/legend>\n<div class=\"c15\">Le meilleur de la r\u00e9daction s\u00e9lectionn\u00e9 par Challenge :<\/p>\n<\/div>\n<\/fieldset>\n<\/div>\n<p>Auteur: challenge<br \/>\n<a href=\"https:\/\/www.challenge.ma\/siam-2019-un-produit-dassurance-volaille-voit-le-jour-107855\/\">Cliquez ici pour lire l&rsquo;article depuis sa source.<\/a><\/p>\n","protected":false},"excerpt":{"rendered":"<p>La Mutuelle Agricole Marocaine d\u2019Assurances (MAMDA) et la F\u00e9d\u00e9ration Interprofessionnelle du Secteur Avicole (FISA) ont sign\u00e9, mercredi \u00e0 Mekn\u00e8s en marge de la 14\u00e8me \u00e9dition du Salon International de l\u2019Agriculture au Maroc (SIAM 2019), une convention d\u2019assurances portant sur le d\u00e9ploiement de produits d\u2019assurance d\u00e9di\u00e9s \u00e0 la fili\u00e8re avicole. Ainsi, la MAMDA lance pour la [&hellip;]<\/p>\n","protected":false},"author":1787,"featured_media":0,"comment_status":"closed","ping_status":"closed","sticky":false,"template":"","format":"standard","meta":{"fifu_image_url":"","fifu_image_alt":"","footnotes":""},"categories":[78,54],"tags":[],"class_list":["post-28641","post","type-post","status-publish","format-standard","hentry","category-economie","category-maroc"],"_links":{"self":[{"href":"https:\/\/linitiative.ca\/International\/wp-json\/wp\/v2\/posts\/28641","targetHints":{"allow":["GET"]}}],"collection":[{"href":"https:\/\/linitiative.ca\/International\/wp-json\/wp\/v2\/posts"}],"about":[{"href":"https:\/\/linitiative.ca\/International\/wp-json\/wp\/v2\/types\/post"}],"author":[{"embeddable":true,"href":"https:\/\/linitiative.ca\/International\/wp-json\/wp\/v2\/users\/1787"}],"replies":[{"embeddable":true,"href":"https:\/\/linitiative.ca\/International\/wp-json\/wp\/v2\/comments?post=28641"}],"version-history":[{"count":0,"href":"https:\/\/linitiative.ca\/International\/wp-json\/wp\/v2\/posts\/28641\/revisions"}],"wp:attachment":[{"href":"https:\/\/linitiative.ca\/International\/wp-json\/wp\/v2\/media?parent=28641"}],"wp:term":[{"taxonomy":"category","embeddable":true,"href":"https:\/\/linitiative.ca\/International\/wp-json\/wp\/v2\/categories?post=28641"},{"taxonomy":"post_tag","embeddable":true,"href":"https:\/\/linitiative.ca\/International\/wp-json\/wp\/v2\/tags?post=28641"}],"curies":[{"name":"wp","href":"https:\/\/api.w.org\/{rel}","templated":true}]}}