{"id":28650,"date":"2019-04-18T12:34:29","date_gmt":"2019-04-18T16:34:29","guid":{"rendered":"https:\/\/linitiative.ca\/International\/tunisie-operation-securitaire-au-kef-precisions-du-ministre-de-linterieur\/"},"modified":"2019-04-18T12:34:29","modified_gmt":"2019-04-18T16:34:29","slug":"tunisie-operation-securitaire-au-kef-precisions-du-ministre-de-linterieur","status":"publish","type":"post","link":"https:\/\/linitiative.ca\/International\/tunisie-operation-securitaire-au-kef-precisions-du-ministre-de-linterieur\/","title":{"rendered":"Tunisie: Op\u00e9ration s\u00e9curitaire au Kef, pr\u00e9cisions du ministre de l\u2019Int\u00e9rieur"},"content":{"rendered":"<div class=\"post-cont-in left relative\">\n<div class=\"nc_socialPanel swp_flatFresh swp_d_fullColor swp_i_fullColor swp_o_fullColor scale-100 scale-fullWidth\" data-position=\"none\" data-float=\"floatNone\" data-count=\"5\" data-floatcolor=\"#ffffff\" data-emphasize=\"0\">\n<div class=\"nc_tweetContainer totes totesalt\" data-id=\"6\"><span class=\"swp_count\"><span class=\"swp_label\">Partages<\/span> 6<\/span><\/div>\n<\/div>\n<p>Le ministre de l\u2019Int\u00e9rieur, Hichem Fourati, a affirm\u00e9 jeudi que la derni\u00e8re op\u00e9ration de s\u00e9curit\u00e9 dans le gouvernorat du Kef \u00e9tait une action pr\u00e9ventive similaire \u00e0\u00a0celle de Jelma.<\/p>\n<p>Dans la nuit de mardi \u00e0 mercredi des forces de s\u00e9curit\u00e9 ont, en collaboration avec l\u2019arm\u00e9e, men\u00e9 une op\u00e9ration anti-terrorise au parc de divertissement \u201cLa Grotte\u201d au Kef.<\/p>\n<div class=\"code-block code-block-1 c3\"><ins class=\"adsbygoogle c2\" data-ad-layout=\"in-article\" data-ad-format=\"fluid\" data-ad-client=\"ca-pub-2102118777505746\" data-ad-slot=\"7301775417\"\/> <\/div>\n<p>Le ministre a soulign\u00e9 que les unit\u00e9s de s\u00e9curit\u00e9 se basent d\u00e9sormais sur l\u2019anticipation, dans de telles op\u00e9rations de s\u00e9curit\u00e9.<\/p>\n<p>La pr\u00e9cision du ministre de l\u2019Int\u00e9rieur est intervenue lors d\u2019une c\u00e9r\u00e9monie marquant le 63e anniversaire des forces de s\u00e9curit\u00e9 int\u00e9rieure.<\/p>\n<div class=\"mvp-org-wrap mvp-org-logo\" itemprop=\"publisher\" itemscope=\"\" itemtype=\"https:\/\/schema.org\/Organization\"><img decoding=\"async\" src=\"https:\/\/www.tunisienumerique.com\/wp-content\/uploads\/2017\/02\/logo_tunisie_numerique.png\"\/><\/div>\n<div class=\"nc_socialPanel swp_flatFresh swp_d_fullColor swp_i_fullColor swp_o_fullColor scale-100 scale-fullWidth\" data-position=\"none\" data-float=\"floatNone\" data-count=\"5\" data-floatcolor=\"#ffffff\" data-emphasize=\"0\">\n<div class=\"nc_tweetContainer totes totesalt\" data-id=\"6\"><span class=\"swp_count\"><span class=\"swp_label\">Partages<\/span> 6<\/span><\/div>\n<\/div>\n<div class=\"mvp-related-posts left relative\">\n<h4 class=\"post-header\"><span class=\"post-header\">Lire aussi<\/span><\/h4>\n<\/div>\n<\/div>\n<p>Auteur: Mourad S<br \/>\n<a href=\"https:\/\/www.tunisienumerique.com\/tunisie-operation-securitaire-au-kef-precisions-du-ministre-de-linterieur\/\">Cliquez ici pour lire l&rsquo;article depuis sa source.<\/a><\/p>\n","protected":false},"excerpt":{"rendered":"<p>Partages 6 Le ministre de l\u2019Int\u00e9rieur, Hichem Fourati, a affirm\u00e9 jeudi que la derni\u00e8re op\u00e9ration de s\u00e9curit\u00e9 dans le gouvernorat du Kef \u00e9tait une action pr\u00e9ventive similaire \u00e0\u00a0celle de Jelma. Dans la nuit de mardi \u00e0 mercredi des forces de s\u00e9curit\u00e9 ont, en collaboration avec l\u2019arm\u00e9e, men\u00e9 une op\u00e9ration anti-terrorise au parc de divertissement \u201cLa [&hellip;]<\/p>\n","protected":false},"author":1789,"featured_media":28651,"comment_status":"closed","ping_status":"closed","sticky":false,"template":"","format":"standard","meta":{"fifu_image_url":"","fifu_image_alt":"","footnotes":""},"categories":[73,55],"tags":[],"class_list":["post-28650","post","type-post","status-publish","format-standard","has-post-thumbnail","hentry","category-actualite","category-tunisie"],"_links":{"self":[{"href":"https:\/\/linitiative.ca\/International\/wp-json\/wp\/v2\/posts\/28650","targetHints":{"allow":["GET"]}}],"collection":[{"href":"https:\/\/linitiative.ca\/International\/wp-json\/wp\/v2\/posts"}],"about":[{"href":"https:\/\/linitiative.ca\/International\/wp-json\/wp\/v2\/types\/post"}],"author":[{"embeddable":true,"href":"https:\/\/linitiative.ca\/International\/wp-json\/wp\/v2\/users\/1789"}],"replies":[{"embeddable":true,"href":"https:\/\/linitiative.ca\/International\/wp-json\/wp\/v2\/comments?post=28650"}],"version-history":[{"count":0,"href":"https:\/\/linitiative.ca\/International\/wp-json\/wp\/v2\/posts\/28650\/revisions"}],"wp:featuredmedia":[{"embeddable":true,"href":"https:\/\/linitiative.ca\/International\/wp-json\/"}],"wp:attachment":[{"href":"https:\/\/linitiative.ca\/International\/wp-json\/wp\/v2\/media?parent=28650"}],"wp:term":[{"taxonomy":"category","embeddable":true,"href":"https:\/\/linitiative.ca\/International\/wp-json\/wp\/v2\/categories?post=28650"},{"taxonomy":"post_tag","embeddable":true,"href":"https:\/\/linitiative.ca\/International\/wp-json\/wp\/v2\/tags?post=28650"}],"curies":[{"name":"wp","href":"https:\/\/api.w.org\/{rel}","templated":true}]}}