{"id":28654,"date":"2019-04-18T13:59:01","date_gmt":"2019-04-18T17:59:01","guid":{"rendered":"https:\/\/linitiative.ca\/International\/tunisie-kasserine-des-protestataires-attaquent-les-postes-de-police-et-de-la-garde-nationale-de-feriana\/"},"modified":"2019-04-18T13:59:01","modified_gmt":"2019-04-18T17:59:01","slug":"tunisie-kasserine-des-protestataires-attaquent-les-postes-de-police-et-de-la-garde-nationale-de-feriana","status":"publish","type":"post","link":"https:\/\/linitiative.ca\/International\/tunisie-kasserine-des-protestataires-attaquent-les-postes-de-police-et-de-la-garde-nationale-de-feriana\/","title":{"rendered":"Tunisie \u2013 Kasserine\u00a0: des protestataires attaquent les postes de police et de la garde nationale de Feriana"},"content":{"rendered":"<div class=\"post-cont-in left relative\">\n<div class=\"nc_socialPanel swp_flatFresh swp_d_fullColor swp_i_fullColor swp_o_fullColor scale-100 scale-fullWidth\" data-position=\"none\" data-float=\"floatNone\" data-count=\"5\" data-floatcolor=\"#ffffff\" data-emphasize=\"0\">\n<div class=\"nc_tweetContainer totes totesalt\" data-id=\"6\"><span class=\"swp_count\"><span class=\"swp_label\">Partages<\/span> 0<\/span><\/div>\n<\/div>\n<p>Un nombre de jeunes de Feriana ont attaqu\u00e9 \u00e0 coups de pierres les postes de la police et de la garde nationale, en cassant les vitres et en occasionnant des d\u00e9g\u00e2ts aux voitures personnelles des agents qui y \u00e9taient stationn\u00e9es.<\/p>\n<p>Ces protestations surviennent suite \u00e0 la mort d\u2019un jeune contrebandier de la r\u00e9gion, par balle, lors d\u2019une course poursuite avec les agents de la garde douani\u00e8re.<\/p>\n<div class=\"code-block code-block-1 c3\"><ins class=\"adsbygoogle c2\" data-ad-layout=\"in-article\" data-ad-format=\"fluid\" data-ad-client=\"ca-pub-2102118777505746\" data-ad-slot=\"7301775417\"\/> <\/div>\n<div class=\"mvp-org-wrap mvp-org-logo\" itemprop=\"publisher\" itemscope=\"\" itemtype=\"https:\/\/schema.org\/Organization\"><img decoding=\"async\" src=\"https:\/\/www.tunisienumerique.com\/wp-content\/uploads\/2017\/02\/logo_tunisie_numerique.png\"\/><\/div>\n<div class=\"nc_socialPanel swp_flatFresh swp_d_fullColor swp_i_fullColor swp_o_fullColor scale-100 scale-fullWidth\" data-position=\"none\" data-float=\"floatNone\" data-count=\"5\" data-floatcolor=\"#ffffff\" data-emphasize=\"0\">\n<div class=\"nc_tweetContainer totes totesalt\" data-id=\"6\"><span class=\"swp_count\"><span class=\"swp_label\">Partages<\/span> 0<\/span><\/div>\n<\/div>\n<div class=\"mvp-related-posts left relative\">\n<h4 class=\"post-header\"><span class=\"post-header\">Lire aussi<\/span><\/h4>\n<\/div>\n<\/div>\n<p>Auteur: LM<br \/>\n<a href=\"https:\/\/www.tunisienumerique.com\/tunisie-kasserine-des-protestataires-attaquent-les-postes-de-police-et-de-la-garde-nationale-de-feriana\/\">Cliquez ici pour lire l&rsquo;article depuis sa source.<\/a><\/p>\n","protected":false},"excerpt":{"rendered":"<p>Partages 0 Un nombre de jeunes de Feriana ont attaqu\u00e9 \u00e0 coups de pierres les postes de la police et de la garde nationale, en cassant les vitres et en occasionnant des d\u00e9g\u00e2ts aux voitures personnelles des agents qui y \u00e9taient stationn\u00e9es. Ces protestations surviennent suite \u00e0 la mort d\u2019un jeune contrebandier de la r\u00e9gion, [&hellip;]<\/p>\n","protected":false},"author":1789,"featured_media":28655,"comment_status":"closed","ping_status":"closed","sticky":false,"template":"","format":"standard","meta":{"fifu_image_url":"","fifu_image_alt":"","footnotes":""},"categories":[73,55],"tags":[],"class_list":["post-28654","post","type-post","status-publish","format-standard","has-post-thumbnail","hentry","category-actualite","category-tunisie"],"_links":{"self":[{"href":"https:\/\/linitiative.ca\/International\/wp-json\/wp\/v2\/posts\/28654","targetHints":{"allow":["GET"]}}],"collection":[{"href":"https:\/\/linitiative.ca\/International\/wp-json\/wp\/v2\/posts"}],"about":[{"href":"https:\/\/linitiative.ca\/International\/wp-json\/wp\/v2\/types\/post"}],"author":[{"embeddable":true,"href":"https:\/\/linitiative.ca\/International\/wp-json\/wp\/v2\/users\/1789"}],"replies":[{"embeddable":true,"href":"https:\/\/linitiative.ca\/International\/wp-json\/wp\/v2\/comments?post=28654"}],"version-history":[{"count":0,"href":"https:\/\/linitiative.ca\/International\/wp-json\/wp\/v2\/posts\/28654\/revisions"}],"wp:featuredmedia":[{"embeddable":true,"href":"https:\/\/linitiative.ca\/International\/wp-json\/"}],"wp:attachment":[{"href":"https:\/\/linitiative.ca\/International\/wp-json\/wp\/v2\/media?parent=28654"}],"wp:term":[{"taxonomy":"category","embeddable":true,"href":"https:\/\/linitiative.ca\/International\/wp-json\/wp\/v2\/categories?post=28654"},{"taxonomy":"post_tag","embeddable":true,"href":"https:\/\/linitiative.ca\/International\/wp-json\/wp\/v2\/tags?post=28654"}],"curies":[{"name":"wp","href":"https:\/\/api.w.org\/{rel}","templated":true}]}}