{"id":28656,"date":"2019-04-18T14:12:34","date_gmt":"2019-04-18T18:12:34","guid":{"rendered":"https:\/\/linitiative.ca\/International\/tunisie-les-agents-de-controle-economique-refusent-de-faire-des-heures-supplementaires\/"},"modified":"2019-04-18T14:12:34","modified_gmt":"2019-04-18T18:12:34","slug":"tunisie-les-agents-de-controle-economique-refusent-de-faire-des-heures-supplementaires","status":"publish","type":"post","link":"https:\/\/linitiative.ca\/International\/tunisie-les-agents-de-controle-economique-refusent-de-faire-des-heures-supplementaires\/","title":{"rendered":"Tunisie \u2013 Les agents de contr\u00f4le \u00e9conomique refusent de faire des heures suppl\u00e9mentaires"},"content":{"rendered":"<div class=\"post-cont-in left relative\">\n<div class=\"nc_socialPanel swp_flatFresh swp_d_fullColor swp_i_fullColor swp_o_fullColor scale-100 scale-fullWidth\" data-position=\"none\" data-float=\"floatNone\" data-count=\"5\" data-floatcolor=\"#ffffff\" data-emphasize=\"0\">\n<div class=\"nc_tweetContainer totes totesalt\" data-id=\"6\"><span class=\"swp_count\"><span class=\"swp_label\">Partages<\/span> 0<\/span><\/div>\n<\/div>\n<p>Le syndicat des agents du minist\u00e8re du Commerce a annonc\u00e9 que les agents de contr\u00f4le \u00e9conomique, ne feront plus d\u2019heures suppl\u00e9mentaires, en dehors de l\u2019horaire administratif et refuseront toute intervention sans y \u00eatre emmen\u00e9s dans une voiture administrative. De m\u00eame qu\u2019ils exigent une protection s\u00e9curitaire de leurs interventions.<\/p>\n<p>Cette action de protestation tombe \u00e0 point nomm\u00e9,\u00a0au moment o\u00f9 l\u2019administration a lanc\u00e9 une vaste campagne de contr\u00f4le \u00e9conomique,\u00a0 \u00e0 la veille du mois de Ramadan.<\/p>\n<div class=\"code-block code-block-1 c3\"><ins class=\"adsbygoogle c2\" data-ad-layout=\"in-article\" data-ad-format=\"fluid\" data-ad-client=\"ca-pub-2102118777505746\" data-ad-slot=\"7301775417\"\/> <\/div>\n<p>Comme quoi, pour combattre la hausse des prix et la sp\u00e9culation, il vaudrait mieux commencer par balayer devant chez soi, avant de regarder du c\u00f4t\u00e9 des commer\u00e7ants et des producteurs.<\/p>\n<div class=\"mvp-org-wrap mvp-org-logo\" itemprop=\"publisher\" itemscope=\"\" itemtype=\"https:\/\/schema.org\/Organization\"><img decoding=\"async\" src=\"https:\/\/www.tunisienumerique.com\/wp-content\/uploads\/2017\/02\/logo_tunisie_numerique.png\"\/><\/div>\n<div class=\"nc_socialPanel swp_flatFresh swp_d_fullColor swp_i_fullColor swp_o_fullColor scale-100 scale-fullWidth\" data-position=\"none\" data-float=\"floatNone\" data-count=\"5\" data-floatcolor=\"#ffffff\" data-emphasize=\"0\">\n<div class=\"nc_tweetContainer totes totesalt\" data-id=\"6\"><span class=\"swp_count\"><span class=\"swp_label\">Partages<\/span> 0<\/span><\/div>\n<\/div>\n<div class=\"mvp-related-posts left relative\">\n<h4 class=\"post-header\"><span class=\"post-header\">Lire aussi<\/span><\/h4>\n<\/div>\n<\/div>\n<p>Auteur: LM<br \/>\n<a href=\"https:\/\/www.tunisienumerique.com\/tunisie-les-agents-de-controle-economique-refusent-de-faire-des-heures-supplementaires\/\">Cliquez ici pour lire l&rsquo;article depuis sa source.<\/a><\/p>\n","protected":false},"excerpt":{"rendered":"<p>Partages 0 Le syndicat des agents du minist\u00e8re du Commerce a annonc\u00e9 que les agents de contr\u00f4le \u00e9conomique, ne feront plus d\u2019heures suppl\u00e9mentaires, en dehors de l\u2019horaire administratif et refuseront toute intervention sans y \u00eatre emmen\u00e9s dans une voiture administrative. De m\u00eame qu\u2019ils exigent une protection s\u00e9curitaire de leurs interventions. Cette action de protestation tombe [&hellip;]<\/p>\n","protected":false},"author":1789,"featured_media":28657,"comment_status":"closed","ping_status":"closed","sticky":false,"template":"","format":"standard","meta":{"fifu_image_url":"","fifu_image_alt":"","footnotes":""},"categories":[73,55],"tags":[],"class_list":["post-28656","post","type-post","status-publish","format-standard","has-post-thumbnail","hentry","category-actualite","category-tunisie"],"_links":{"self":[{"href":"https:\/\/linitiative.ca\/International\/wp-json\/wp\/v2\/posts\/28656","targetHints":{"allow":["GET"]}}],"collection":[{"href":"https:\/\/linitiative.ca\/International\/wp-json\/wp\/v2\/posts"}],"about":[{"href":"https:\/\/linitiative.ca\/International\/wp-json\/wp\/v2\/types\/post"}],"author":[{"embeddable":true,"href":"https:\/\/linitiative.ca\/International\/wp-json\/wp\/v2\/users\/1789"}],"replies":[{"embeddable":true,"href":"https:\/\/linitiative.ca\/International\/wp-json\/wp\/v2\/comments?post=28656"}],"version-history":[{"count":0,"href":"https:\/\/linitiative.ca\/International\/wp-json\/wp\/v2\/posts\/28656\/revisions"}],"wp:featuredmedia":[{"embeddable":true,"href":"https:\/\/linitiative.ca\/International\/wp-json\/"}],"wp:attachment":[{"href":"https:\/\/linitiative.ca\/International\/wp-json\/wp\/v2\/media?parent=28656"}],"wp:term":[{"taxonomy":"category","embeddable":true,"href":"https:\/\/linitiative.ca\/International\/wp-json\/wp\/v2\/categories?post=28656"},{"taxonomy":"post_tag","embeddable":true,"href":"https:\/\/linitiative.ca\/International\/wp-json\/wp\/v2\/tags?post=28656"}],"curies":[{"name":"wp","href":"https:\/\/api.w.org\/{rel}","templated":true}]}}