{"id":28662,"date":"2019-04-18T14:47:50","date_gmt":"2019-04-18T18:47:50","guid":{"rendered":"https:\/\/linitiative.ca\/International\/tunisie-un-imam-limoge-pour-setre-attaque-a-un-homme-politique-lors-de-son-preche\/"},"modified":"2019-04-18T14:47:50","modified_gmt":"2019-04-18T18:47:50","slug":"tunisie-un-imam-limoge-pour-setre-attaque-a-un-homme-politique-lors-de-son-preche","status":"publish","type":"post","link":"https:\/\/linitiative.ca\/International\/tunisie-un-imam-limoge-pour-setre-attaque-a-un-homme-politique-lors-de-son-preche\/","title":{"rendered":"Tunisie \u2013 Un Imam limog\u00e9 pour s\u2019\u00eatre attaqu\u00e9 \u00e0 un homme politique lors de son pr\u00eache"},"content":{"rendered":"<div class=\"post-cont-in left relative\">\n<div class=\"nc_socialPanel swp_flatFresh swp_d_fullColor swp_i_fullColor swp_o_fullColor scale-100 scale-fullWidth\" data-position=\"none\" data-float=\"floatNone\" data-count=\"5\" data-floatcolor=\"#ffffff\" data-emphasize=\"0\">\n<div class=\"nc_tweetContainer totes totesalt\" data-id=\"6\"><span class=\"swp_count\"><span class=\"swp_label\">Partages<\/span> 0<\/span><\/div>\n<\/div>\n<p>Le minist\u00e8re des Affaires Religieuses a annonc\u00e9, ce jeudi, apr\u00e8s avoir entendu les diff\u00e9rentes parties concern\u00e9es, qu\u2019i a d\u00e9cid\u00e9 de limoger l\u2019imam de la mosqu\u00e9e Sidi Abdelkader \u00e0 Menzel Bouzelfa, parce qu\u2019il a utilis\u00e9 le pr\u00eache pour des vis\u00e9es politiques et s\u2019\u00eatre, ouvertement, attaqu\u00e9, vendredi dernier, \u00e0 un homme politique du pays.<\/p>\n<div class=\"mvp-org-wrap mvp-org-logo\" itemprop=\"publisher\" itemscope=\"\" itemtype=\"https:\/\/schema.org\/Organization\"><img decoding=\"async\" src=\"https:\/\/www.tunisienumerique.com\/wp-content\/uploads\/2017\/02\/logo_tunisie_numerique.png\"\/><\/div>\n<div class=\"nc_socialPanel swp_flatFresh swp_d_fullColor swp_i_fullColor swp_o_fullColor scale-100 scale-fullWidth\" data-position=\"none\" data-float=\"floatNone\" data-count=\"5\" data-floatcolor=\"#ffffff\" data-emphasize=\"0\">\n<div class=\"nc_tweetContainer totes totesalt\" data-id=\"6\"><span class=\"swp_count\"><span class=\"swp_label\">Partages<\/span> 0<\/span><\/div>\n<\/div>\n<div class=\"mvp-related-posts left relative\">\n<h4 class=\"post-header\"><span class=\"post-header\">Lire aussi<\/span><\/h4>\n<\/div>\n<\/div>\n<p>Auteur: LM<br \/>\n<a href=\"https:\/\/www.tunisienumerique.com\/tunisie-un-imam-limoge-pour-setre-attaque-a-un-homme-politique-lors-de-son-preche\/\">Cliquez ici pour lire l&rsquo;article depuis sa source.<\/a><\/p>\n","protected":false},"excerpt":{"rendered":"<p>Partages 0 Le minist\u00e8re des Affaires Religieuses a annonc\u00e9, ce jeudi, apr\u00e8s avoir entendu les diff\u00e9rentes parties concern\u00e9es, qu\u2019i a d\u00e9cid\u00e9 de limoger l\u2019imam de la mosqu\u00e9e Sidi Abdelkader \u00e0 Menzel Bouzelfa, parce qu\u2019il a utilis\u00e9 le pr\u00eache pour des vis\u00e9es politiques et s\u2019\u00eatre, ouvertement, attaqu\u00e9, vendredi dernier, \u00e0 un homme politique du pays. Partages [&hellip;]<\/p>\n","protected":false},"author":1789,"featured_media":28663,"comment_status":"closed","ping_status":"closed","sticky":false,"template":"","format":"standard","meta":{"fifu_image_url":"","fifu_image_alt":"","footnotes":""},"categories":[73,55],"tags":[],"class_list":["post-28662","post","type-post","status-publish","format-standard","has-post-thumbnail","hentry","category-actualite","category-tunisie"],"_links":{"self":[{"href":"https:\/\/linitiative.ca\/International\/wp-json\/wp\/v2\/posts\/28662","targetHints":{"allow":["GET"]}}],"collection":[{"href":"https:\/\/linitiative.ca\/International\/wp-json\/wp\/v2\/posts"}],"about":[{"href":"https:\/\/linitiative.ca\/International\/wp-json\/wp\/v2\/types\/post"}],"author":[{"embeddable":true,"href":"https:\/\/linitiative.ca\/International\/wp-json\/wp\/v2\/users\/1789"}],"replies":[{"embeddable":true,"href":"https:\/\/linitiative.ca\/International\/wp-json\/wp\/v2\/comments?post=28662"}],"version-history":[{"count":0,"href":"https:\/\/linitiative.ca\/International\/wp-json\/wp\/v2\/posts\/28662\/revisions"}],"wp:featuredmedia":[{"embeddable":true,"href":"https:\/\/linitiative.ca\/International\/wp-json\/"}],"wp:attachment":[{"href":"https:\/\/linitiative.ca\/International\/wp-json\/wp\/v2\/media?parent=28662"}],"wp:term":[{"taxonomy":"category","embeddable":true,"href":"https:\/\/linitiative.ca\/International\/wp-json\/wp\/v2\/categories?post=28662"},{"taxonomy":"post_tag","embeddable":true,"href":"https:\/\/linitiative.ca\/International\/wp-json\/wp\/v2\/tags?post=28662"}],"curies":[{"name":"wp","href":"https:\/\/api.w.org\/{rel}","templated":true}]}}