{"id":28668,"date":"2019-04-18T16:31:21","date_gmt":"2019-04-18T20:31:21","guid":{"rendered":"https:\/\/linitiative.ca\/International\/moi-aussi-jai-ecrit-une-lettre\/"},"modified":"2019-04-18T16:31:21","modified_gmt":"2019-04-18T20:31:21","slug":"moi-aussi-jai-ecrit-une-lettre","status":"publish","type":"post","link":"https:\/\/linitiative.ca\/International\/moi-aussi-jai-ecrit-une-lettre\/","title":{"rendered":"Moi aussi, j\u2019ai \u00e9crit une lettre\u00a0!"},"content":{"rendered":"<div class=\"td-a-rec td-a-rec-id-content_top td_uid_30_5cb8efb807966_rand td_block_template_1\"><img loading=\"lazy\" decoding=\"async\" class=\"aligncenter size-full wp-image-4463\" src=\"https:\/\/www.sidwaya.info\/wp-content\/uploads\/2019\/02\/FESPACO-TOUR-2019-Bannie%CC%80re-728x90-1.jpg\" alt=\"\" width=\"728\" height=\"90\"\/><\/div>\n<p>Si je savais \u00e9crire une bonne lettre sans la moindre faute, je m\u2019adresserai au bon Dieu himself\u00a0:\u00a0\u00ab\u00f4 juste ciel, pourquoi veux-tu nous tomber sur la t\u00eate\u00a0?\u00bb Il para\u00eet que ma patrie fait partie des fratries bien-aim\u00e9es de la providence mais pourquoi c\u2019est chez nous que les fr\u00e8res de la m\u00eame terre se font la \u00abguerre\u00bb\u00a0? Il semble m\u00eame que les dieux et les a\u00efeux planent et veillent toujours sur nous, mais \u00e0 qui appartiennent \u00abces serpents qui sifflent au-dessus de nos t\u00eates\u00bb\u00a0; \u00e0 qui sont ces t\u00eates de l\u2019\u00e9chafaud qui tombent et roulent sous nos pieds\u00a0? Selon certains vendeurs d\u2019illusions imbus de slogans volatiles : \u00abplus rien ne sera comme avant\u00bb et \u00able meilleur reste \u00e0 venir\u00bb dans un avenir en pointill\u00e9s. Pour les troubadours de la langue de bois, l\u2019int\u00e9grit\u00e9 est une panac\u00e9e et \u00eatre Burkinab\u00e8 se m\u00e9rite. Mais entre nous, y a-t-il un quelconque m\u00e9rite \u00e0 scier la branche sur laquelle on est assis? Y a-t-il une certaine gloriole \u00e0 regarder la case commune br\u00fbler sans avoir l\u2019humilit\u00e9 et la sagesse d\u2019apporter sa calebasse d\u2019eau\u00a0? Y a-t-il un vainqueur dans une rixe o\u00f9 les pugilistes pr\u00e9f\u00e8rent se faire harakiri que de se battre \u00e0 la loyale\u00a0? Quand tout le monde commence \u00e0 avoir raison et tort \u00e0 la fois, il faut craindre que personne ne soit l\u00e0 pour dire la v\u00e9rit\u00e9 qui concilie avant de r\u00e9concilier.<\/p>\n<p>Mais cette chronique ne dira pas la v\u00e9rit\u00e9 tant attendue, tant d\u00e9j\u00e0 connue. Cette chronique volera au-dessus de la m\u00eal\u00e9e sans \u00e9corcher un seul \u00e9go. Comme l\u2019albatros qui plane dans les \u00e9thers en regardant les ignares matelots sur le bateau, cette chronique n\u2019entend pas haranguer l\u2019ar\u00e8ne de coqs mal dress\u00e9s. Rien ne sert de tirer la seule calebasse rafistol\u00e9e qui nous reste. Sinon chacun aura sa part mais personne n\u2019en profitera. Rien ne sert non plus de faire le partage sans s\u2019inspirer de Confucius, sans se mettre \u00e0 la place de l\u2019autre. En v\u00e9rit\u00e9, il n\u2019y a pas que le r\u00e9seau qui fait d\u00e9faut au Faso\u00a0; il y a longtemps que nous avons perdu plus que le r\u00e9seau. Nous avons perdu notre int\u00e9grit\u00e9 et par-dessus bord, nous avons balanc\u00e9 notre fibre patriotique pour nous arrimer au besoin du nombril. Une bonne partie de la raison elle-m\u00eame \u00e0 tort par exc\u00e8s ou par omission. \u00c7a balance dans tous les sens entre guerre et \u00abgr\u00e8ves asym\u00e9triques\u00bb\u00a0; entre dialogue de sourd et compromis d\u2019aveugle\u00a0; entre d\u00e9samour fraternel et crime passionnel. M\u00eame face \u00e0 l\u2019\u00e9vidence du lendemain sans chemin d\u2019imp\u00e9nitents d\u00e9miurges font des g\u00e9om\u00e9tries dans l\u2019espace pour se tailler des lopins de strapontins et remporter 20\/20 en 2020.<\/p>\n<p>Si je pouvais adresser une lettre d\u00e9nu\u00e9e d\u2019agenda cach\u00e9 et de tout non-dits, je l\u2019enverrai \u00e0 qui de droit en vocif\u00e9rant \u00e0 qui veut m\u2019entendre\u00a0:\u00a0\u00ables plus grandes incendies de for\u00eat commence toujours par une \u00e9tincelle de rien\u00bb. Attention \u00e0 la tra\u00een\u00e9e de poudre\u00a0! Les plus grandes crises commencent toujours par la plus petite tra\u00eetrise ou m\u00e9prise des hommes. Quand deux fr\u00e8res se dressent l\u2019un contre l\u2019autre au prix du sang, de quelle hospitalit\u00e9 bancale et maladroite parle-t-on \u00e0 l\u2019\u00e9tranger d\u00e9sabus\u00e9\u00a0? Quel Burkina se vante d\u2019\u00eatre la \u00abterre d\u2019accueil\u00bb mais cache mal ses \u00e9cueils intimes aux senteurs de deuil\u00a0? Quand un Burkinab\u00e8 peut oser \u00abimpun\u00e9ment\u00bb faire \u00e7a \u00e0 un autre Burkinab\u00e8 sur la terre sacr\u00e9e de l\u2019int\u00e9grit\u00e9, o\u00f9 sont pass\u00e9s les dieux pour punir l\u2019odieux personnage du carnage\u00a0? Y a-t-il encore quelque chose de plus sacr\u00e9e que la vie humaine\u00a0? Au-del\u00e0 de la justice, y a-t-il un pardon qui a valeur de don pour donner du sens \u00e0 l\u2019abandon\u00a0sans \u00e9roder les cordons du cocon ? On ne deal pas avec la v\u00e9rit\u00e9\u00a0; il n\u2019y a point de troc entre le vrai et le faux.<br \/>Si je savais \u00e9crire une lettre, je dirai au fils de Patarbtaal\u00e9 que l\u2019heure de v\u00e9rit\u00e9 semble poindre \u00e0 l\u2019horizon. En tout cas, si ce n\u2019est un mirage, une fum\u00e9e sans feu ou un chien qui aboie sans mordre, il y a de forte chance que l\u2019histoire elle-m\u00eame applaudisse. Alors, fouillez, b\u00eachez et creusez et surtout \u00abne laissez nulle place o\u00f9 la main ne passe et repasse\u00bb. D\u00e9ballez tout et n\u2019oubliez pas le neveu t\u00eatard braillard et tocard des nullards que vous avez pistonn\u00e9 au portillon d\u2019une Fonction publique trop publique.<\/p>\n<p>N\u2019\u00e9pargnez pas la mignonne ni\u00e8ce g\u00e2t\u00e9e de la basse-cour de la complaisance que vous avez pouss\u00e9e \u00e0 passer par le trou de l\u2019aiguille parfois avec ou sans dipl\u00f4me. N\u2019enjambez surtout pas le militant de premi\u00e8re heure dont les enfants ont infest\u00e9 les bureaux climatis\u00e9s sans un baluchon intellectuel digne de ce nom. Et allez d\u00e9loger le stagiaire que nous avons tous c\u00f4toy\u00e9 au minist\u00e8re et qui a fini par ravir la vedette \u00e0 ses concurrents factices d\u2019un concours dit de \u00abmesures nouvelles\u00bb pour s\u2019arroger le num\u00e9ro matricule de la sin\u00e9cure, sans m\u00e9rite. Il y en a m\u00eame qui ne sont pas pass\u00e9s par un concours\u00a0! Que les t\u00e9moins patriotes se pr\u00e9parent \u00e0 d\u00e9noncer ceux qui ne seront pas sur la liste. Parce que sauf erreur, le plus grand fraudeur, ce n\u2019est pas Patarbtaal\u00e9, le fils du pauvre, ce n\u2019est pas Moah, le fils de la folle\u00a0! Il suffit de lire entre les lignes de cette lettre \u2026<\/p>\n<p class=\"c1\"><strong>Cl\u00e9ment ZONGO<\/strong><br \/><strong>clmentzongo@yahoo.fr<\/strong><\/p>\n<div class=\"td-a-rec td-a-rec-id-content_bottom td_uid_31_5cb8efb807bb4_rand td_block_template_1\"><img loading=\"lazy\" decoding=\"async\" class=\"alignright size-full wp-image-1724\" src=\"https:\/\/www.sidwaya.info\/wp-content\/uploads\/2018\/12\/sidwaya-pub.jpg\" alt=\"\" width=\"720\" height=\"90\"\/><\/div>\n<p>Auteur: DD. Sidwaya<br \/>\n<a href=\"https:\/\/www.sidwaya.info\/blog\/2019\/04\/18\/moi-aussi-jai-ecrit-une-lettre\/\">Cliquez ici pour lire l&rsquo;article depuis sa source.<\/a><\/p>\n","protected":false},"excerpt":{"rendered":"<p>Si je savais \u00e9crire une bonne lettre sans la moindre faute, je m\u2019adresserai au bon Dieu himself\u00a0:\u00a0\u00ab\u00f4 juste ciel, pourquoi veux-tu nous tomber sur la t\u00eate\u00a0?\u00bb Il para\u00eet que ma patrie fait partie des fratries bien-aim\u00e9es de la providence mais pourquoi c\u2019est chez nous que les fr\u00e8res de la m\u00eame terre se font la \u00abguerre\u00bb\u00a0? [&hellip;]<\/p>\n","protected":false},"author":1816,"featured_media":28669,"comment_status":"closed","ping_status":"closed","sticky":false,"template":"","format":"standard","meta":{"fifu_image_url":"","fifu_image_alt":"","footnotes":""},"categories":[73,81],"tags":[],"class_list":["post-28668","post","type-post","status-publish","format-standard","has-post-thumbnail","hentry","category-actualite","category-burkina-faso"],"_links":{"self":[{"href":"https:\/\/linitiative.ca\/International\/wp-json\/wp\/v2\/posts\/28668","targetHints":{"allow":["GET"]}}],"collection":[{"href":"https:\/\/linitiative.ca\/International\/wp-json\/wp\/v2\/posts"}],"about":[{"href":"https:\/\/linitiative.ca\/International\/wp-json\/wp\/v2\/types\/post"}],"author":[{"embeddable":true,"href":"https:\/\/linitiative.ca\/International\/wp-json\/wp\/v2\/users\/1816"}],"replies":[{"embeddable":true,"href":"https:\/\/linitiative.ca\/International\/wp-json\/wp\/v2\/comments?post=28668"}],"version-history":[{"count":0,"href":"https:\/\/linitiative.ca\/International\/wp-json\/wp\/v2\/posts\/28668\/revisions"}],"wp:featuredmedia":[{"embeddable":true,"href":"https:\/\/linitiative.ca\/International\/wp-json\/"}],"wp:attachment":[{"href":"https:\/\/linitiative.ca\/International\/wp-json\/wp\/v2\/media?parent=28668"}],"wp:term":[{"taxonomy":"category","embeddable":true,"href":"https:\/\/linitiative.ca\/International\/wp-json\/wp\/v2\/categories?post=28668"},{"taxonomy":"post_tag","embeddable":true,"href":"https:\/\/linitiative.ca\/International\/wp-json\/wp\/v2\/tags?post=28668"}],"curies":[{"name":"wp","href":"https:\/\/api.w.org\/{rel}","templated":true}]}}