{"id":28672,"date":"2019-04-18T14:18:06","date_gmt":"2019-04-18T18:18:06","guid":{"rendered":"https:\/\/linitiative.ca\/International\/13-million-deuros-de-lue-pour-les-refugies-maliens-en-mauritanie\/"},"modified":"2019-04-18T14:18:06","modified_gmt":"2019-04-18T18:18:06","slug":"13-million-deuros-de-lue-pour-les-refugies-maliens-en-mauritanie","status":"publish","type":"post","link":"https:\/\/linitiative.ca\/International\/13-million-deuros-de-lue-pour-les-refugies-maliens-en-mauritanie\/","title":{"rendered":"1,3 million d\u2019euros de l\u2019UE pour les r\u00e9fugi\u00e9s maliens en Mauritanie"},"content":{"rendered":"<div readability=\"32\">\n<p>Publi\u00e9 le 18.04.2019 \u00e0 19h18 par APA News<\/p>\n<\/div>\n<div readability=\"82\">\n<p>L\u2019Union europ\u00e9enne a octroy\u00e9 une enveloppe de 1,3 million d\u2019euros \u00e0 l\u2019UNICEF pour les populations r\u00e9fugi\u00e9es et la communaut\u00e9 h\u00f4te en Mauritanie, selon un communiqu\u00e9 conjoint des deux institutions.Au nombre de 57.000, les r\u00e9fugi\u00e9s maliens en Mauritanie dont un sur deux est un enfant sont log\u00e9s dans le camp de M\u2019berra (extr\u00eame est du pays).<\/p>\n<p>\u00ab Sans assistance en \u00e9ducation et protection, les enfants du camp seraient livr\u00e9s \u00e0 eux-m\u00eames et expos\u00e9s \u00e0 de grands risques cr\u00e9ant ainsi des conditions propices \u00e0 la d\u00e9linquance, aux mariages pr\u00e9coces et \u00e0 toute forme de violence \u00e0 l\u2019\u00e9gard des enfants \u00bb, a expliqu\u00e9 Herv\u00e9 P\u00e9ri\u00e8s, repr\u00e9sentant de l\u2019UNICEF \u00e0 Nouakchott, cit\u00e9 par le communiqu\u00e9.<\/p>\n<p>De son c\u00f4t\u00e9, le chef du bureau r\u00e9gional pour Afrique de l\u2019Ouest de l\u2019Aide Humanitaire de l\u2019UE, Pierre Yves Scotto a soulign\u00e9 que les enfants sont parmi les r\u00e9fugi\u00e9s les plus touch\u00e9s par les crises et que leur \u00e9ducation est syst\u00e9matiquement interrompue lors d\u2019un d\u00e9placement de population.<\/p>\n<p>Le communiqu\u00e9 a pr\u00e9cis\u00e9 que le soutien financier europ\u00e9en a permis la scolarisation de 5.100 \u00e9l\u00e8ves au primaire, dont 2.540 filles pour l\u2019ann\u00e9e scolaire 2018-2019.<\/p>\n<p>Outre les distributions trimestrielles de kits scolaires individuels, l\u2019appui en question a \u00e9galement permis la r\u00e9insertion de plus de 319 \u00e9l\u00e8ves \u00e0 l\u2019\u00e9cole (dont 148 filles) et la formation de 130 enseignants, a ajout\u00e9 le texte.<\/p>\n<p><ins data-revive-zoneid=\"9\" data-revive-id=\"10111e19d28d19d031742ee3b0b33eb0\"\/> <\/p>\n<p>L\u2019UE et l\u2019UNICEF ont aussi fait \u00e9tat du financement, gr\u00e2ce \u00e0 la subvention europ\u00e9enne, de la construction d\u2019un nouveau lyc\u00e9e comptant dix salles de classes et d\u2019une biblioth\u00e8que en cours de finalisation.<\/p>\n<p>Elles ont signal\u00e9 que dans le cadre de l\u2019\u00e9ducation non-formelle, plus de 2.000 jeunes ont \u00e9t\u00e9 alphab\u00e9tis\u00e9s et 75 form\u00e9s en m\u00e9tiers.<\/p>\n<p>Par ailleurs, note le communiqu\u00e9, 1.813 enfants ont b\u00e9n\u00e9fici\u00e9 d\u2019un paquet int\u00e9gr\u00e9 de services de protection comprenant l\u2019acc\u00e8s \u00e0 l\u2019\u00e9tat-civil, l\u2019appui psychosocial et l\u2019appui en activit\u00e9s g\u00e9n\u00e9ratrices de revenus.<\/p>\n<\/div>\n<p>Auteur: APA News<br \/>\n<a href=\"https:\/\/www.journalducameroun.com\/fr\/13-million-deuros-de-lue-pour-les-refugies-maliens-en-mauritanie\/\">Cliquez ici pour lire l&rsquo;article depuis sa source.<\/a><\/p>\n","protected":false},"excerpt":{"rendered":"<p>Publi\u00e9 le 18.04.2019 \u00e0 19h18 par APA News L\u2019Union europ\u00e9enne a octroy\u00e9 une enveloppe de 1,3 million d\u2019euros \u00e0 l\u2019UNICEF pour les populations r\u00e9fugi\u00e9es et la communaut\u00e9 h\u00f4te en Mauritanie, selon un communiqu\u00e9 conjoint des deux institutions.Au nombre de 57.000, les r\u00e9fugi\u00e9s maliens en Mauritanie dont un sur deux est un enfant sont log\u00e9s dans [&hellip;]<\/p>\n","protected":false},"author":1965,"featured_media":0,"comment_status":"closed","ping_status":"closed","sticky":false,"template":"","format":"standard","meta":{"fifu_image_url":"","fifu_image_alt":"","footnotes":""},"categories":[73,82],"tags":[],"class_list":["post-28672","post","type-post","status-publish","format-standard","hentry","category-actualite","category-cameroun"],"_links":{"self":[{"href":"https:\/\/linitiative.ca\/International\/wp-json\/wp\/v2\/posts\/28672","targetHints":{"allow":["GET"]}}],"collection":[{"href":"https:\/\/linitiative.ca\/International\/wp-json\/wp\/v2\/posts"}],"about":[{"href":"https:\/\/linitiative.ca\/International\/wp-json\/wp\/v2\/types\/post"}],"author":[{"embeddable":true,"href":"https:\/\/linitiative.ca\/International\/wp-json\/wp\/v2\/users\/1965"}],"replies":[{"embeddable":true,"href":"https:\/\/linitiative.ca\/International\/wp-json\/wp\/v2\/comments?post=28672"}],"version-history":[{"count":0,"href":"https:\/\/linitiative.ca\/International\/wp-json\/wp\/v2\/posts\/28672\/revisions"}],"wp:attachment":[{"href":"https:\/\/linitiative.ca\/International\/wp-json\/wp\/v2\/media?parent=28672"}],"wp:term":[{"taxonomy":"category","embeddable":true,"href":"https:\/\/linitiative.ca\/International\/wp-json\/wp\/v2\/categories?post=28672"},{"taxonomy":"post_tag","embeddable":true,"href":"https:\/\/linitiative.ca\/International\/wp-json\/wp\/v2\/tags?post=28672"}],"curies":[{"name":"wp","href":"https:\/\/api.w.org\/{rel}","templated":true}]}}