{"id":28673,"date":"2019-04-18T14:18:07","date_gmt":"2019-04-18T18:18:07","guid":{"rendered":"https:\/\/linitiative.ca\/International\/rca-arrestation-du-porte-parole-du-groupe-de-travail-de-la-societe-civile\/"},"modified":"2019-04-18T14:18:07","modified_gmt":"2019-04-18T18:18:07","slug":"rca-arrestation-du-porte-parole-du-groupe-de-travail-de-la-societe-civile","status":"publish","type":"post","link":"https:\/\/linitiative.ca\/International\/rca-arrestation-du-porte-parole-du-groupe-de-travail-de-la-societe-civile\/","title":{"rendered":"RCA : arrestation du porte-parole du Groupe de Travail de la Soci\u00e9t\u00e9 Civile"},"content":{"rendered":"<div readability=\"32\">\n<p>Publi\u00e9 le 18.04.2019 \u00e0 19h18 par APA News<\/p>\n<\/div>\n<div readability=\"49\">\n<p>La gendarmerie centrafricaine a arr\u00eat\u00e9, jeudi, Crescent Beninga, porte-parole du Groupe de Travail de la Soci\u00e9t\u00e9 Civile (GSTC), une organisation de la soci\u00e9t\u00e9 civile qui avait appel\u00e9 la population \u00e0 observer une journ\u00e9e ville morte lundi dernier pour d\u00e9noncer le manque d\u2019eau potable \u00e0 Bangui et la nomination de responsables des groupes arm\u00e9s \u00e0 des postes de responsabilit\u00e9 dans l\u2019administration publique.Son arrestation a \u00e9t\u00e9 men\u00e9e par la section de recherche et des investigations de la gendarmerie nationale suite \u00e0 un mandat d\u2019arr\u00eat du Procureur g\u00e9n\u00e9ral de la Cour d\u2019Appel de Bangui, Eric Didier Tambo qui avait qualifi\u00e9 l\u2019appel \u00e0 la ville morte d\u2019atteinte \u00e0 la s\u00fbret\u00e9 de l\u2019\u00c9tat.<\/p>\n<p>La maison de Crescent Beninga et le bureau de GSTC ont \u00e9t\u00e9 par ailleurs perquisitionn\u00e9s par les forces de l\u2019ordre.<\/p>\n<p><ins data-revive-zoneid=\"9\" data-revive-id=\"10111e19d28d19d031742ee3b0b33eb0\"\/> <\/p>\n<p>Gervais Lakosso, principal responsable de cette organisation non gouvernementale avait \u00e9t\u00e9 arr\u00eat\u00e9 en 2016 pour avoir organis\u00e9 une manifestation demandant le d\u00e9part des Casques bleus de la Centrafrique, avant d\u2019\u00eatre lib\u00e9r\u00e9 apr\u00e8s plusieurs mois de d\u00e9tention.<\/p>\n<\/div>\n<p>Auteur: APA News<br \/>\n<a href=\"https:\/\/www.journalducameroun.com\/fr\/rca-arrestation-du-porte-parole-du-groupe-de-travail-de-la-societe-civile\/\">Cliquez ici pour lire l&rsquo;article depuis sa source.<\/a><\/p>\n","protected":false},"excerpt":{"rendered":"<p>Publi\u00e9 le 18.04.2019 \u00e0 19h18 par APA News La gendarmerie centrafricaine a arr\u00eat\u00e9, jeudi, Crescent Beninga, porte-parole du Groupe de Travail de la Soci\u00e9t\u00e9 Civile (GSTC), une organisation de la soci\u00e9t\u00e9 civile qui avait appel\u00e9 la population \u00e0 observer une journ\u00e9e ville morte lundi dernier pour d\u00e9noncer le manque d\u2019eau potable \u00e0 Bangui et la [&hellip;]<\/p>\n","protected":false},"author":1965,"featured_media":0,"comment_status":"closed","ping_status":"closed","sticky":false,"template":"","format":"standard","meta":{"fifu_image_url":"","fifu_image_alt":"","footnotes":""},"categories":[73,82],"tags":[],"class_list":["post-28673","post","type-post","status-publish","format-standard","hentry","category-actualite","category-cameroun"],"_links":{"self":[{"href":"https:\/\/linitiative.ca\/International\/wp-json\/wp\/v2\/posts\/28673","targetHints":{"allow":["GET"]}}],"collection":[{"href":"https:\/\/linitiative.ca\/International\/wp-json\/wp\/v2\/posts"}],"about":[{"href":"https:\/\/linitiative.ca\/International\/wp-json\/wp\/v2\/types\/post"}],"author":[{"embeddable":true,"href":"https:\/\/linitiative.ca\/International\/wp-json\/wp\/v2\/users\/1965"}],"replies":[{"embeddable":true,"href":"https:\/\/linitiative.ca\/International\/wp-json\/wp\/v2\/comments?post=28673"}],"version-history":[{"count":0,"href":"https:\/\/linitiative.ca\/International\/wp-json\/wp\/v2\/posts\/28673\/revisions"}],"wp:attachment":[{"href":"https:\/\/linitiative.ca\/International\/wp-json\/wp\/v2\/media?parent=28673"}],"wp:term":[{"taxonomy":"category","embeddable":true,"href":"https:\/\/linitiative.ca\/International\/wp-json\/wp\/v2\/categories?post=28673"},{"taxonomy":"post_tag","embeddable":true,"href":"https:\/\/linitiative.ca\/International\/wp-json\/wp\/v2\/tags?post=28673"}],"curies":[{"name":"wp","href":"https:\/\/api.w.org\/{rel}","templated":true}]}}