{"id":28675,"date":"2019-04-18T14:50:03","date_gmt":"2019-04-18T18:50:03","guid":{"rendered":"https:\/\/linitiative.ca\/International\/rdc-13-morts-114-disparus-dans-un-naufrage-dans-lest\/"},"modified":"2019-04-18T14:50:03","modified_gmt":"2019-04-18T18:50:03","slug":"rdc-13-morts-114-disparus-dans-un-naufrage-dans-lest","status":"publish","type":"post","link":"https:\/\/linitiative.ca\/International\/rdc-13-morts-114-disparus-dans-un-naufrage-dans-lest\/","title":{"rendered":"RDC: 13 morts, 114 disparus dans un naufrage dans l\u2019est"},"content":{"rendered":"<div readability=\"32\">\n<p>Publi\u00e9 le 18.04.2019 \u00e0 19h50 par AFP<\/p>\n<\/div>\n<div readability=\"127\">\n<p>Treize morts, 114 disparus, des rescap\u00e9s choqu\u00e9s et la s\u00e9curit\u00e9 en question: \u00e0 nouveau, un naufrage tragique sur le lac Kivu a endeuill\u00e9 cette r\u00e9gion de l\u2019est de la RD Congo o\u00f9 le pr\u00e9sident F\u00e9lix Tshisekedi est venu jeudi apporter r\u00e9confort aux familles.<\/p>\n<p>Apr\u00e8s quelques jours d\u2019incertitude, c\u2019est le pr\u00e9sident lui-m\u00eame qui a annonc\u00e9 le tragique bilan de ce naufrage survenu dans la nuit de lundi \u00e0 mardi lorsqu\u2019une embarcation partie de Goma surcharg\u00e9e a coul\u00e9 dans le lac.<\/p>\n<p>\u00ab\u00a0J\u2019ai d\u00e9cr\u00e9t\u00e9 un jour de deuil national (vendredi) \u00e0 la suite du naufrage\u00a0\u00bb, a d\u00e9clar\u00e9 le chef de l\u2019Etat \u00e0 Mukwidja, petit village de paysans et de p\u00eacheurs au pied des montagnes qui bordent le lac Kivu.<\/p>\n<p>Jeudi, le village et les survivants \u00e9taient encore sous le choc.<\/p>\n<p>\u00ab\u00a0J\u2019\u00e9tais assise devant. Une grosse vague a frapp\u00e9 la pirogue qui a chavir\u00e9 et nous sommes tous tomb\u00e9s dans l\u2019eau\u00a0\u00bb, a t\u00e9moign\u00e9 aupr\u00e8s de l\u2019AFP une rescap\u00e9e, Alice Uwezo Ruchiga (18 ans). Apr\u00e8s s\u2019\u00eatre \u00ab\u00a0agripp\u00e9s \u00e0 quatre sur un matelas en plastique, nous avons \u00e9t\u00e9 rep\u00each\u00e9s par des p\u00e9cheurs vers 22 heures\u00a0\u00bb, a-t-elle expliqu\u00e9.<\/p>\n<p>Des rescap\u00e9s \u00e9voquent ceux qu\u2019ils ont vu mourir, des proches comptent ceux qu\u2019ils ont perdu ou qui ont disparu.<\/p>\n<p>\u00ab\u00a0Une femme et son b\u00e9b\u00e9 n\u2019ont pu trouver de place sur le matelas, ils ont coul\u00e9\u00a0\u00bb, a racont\u00e9 Isaac Ngeriyo (45 ans)<\/p>\n<p>\u00ab\u00a0J\u2019ai perdu ma femme et ma fille a\u00een\u00e9e qui venaient de Goma\u00a0\u00bb dans ce naufrage, a d\u00e9clar\u00e9 Bosco Karusha (49 ans), p\u00eacheur du lac Kivu, \u00e0 un correspondant de l\u2019AFP pr\u00e9sent dans ce village.<\/p>\n<p>Desange Habamungu (35 ans), m\u00e8re de huit enfants, \u00e9tait toujours \u00e0 la recherche de son mari. \u00ab\u00a0On est parti chercher des corps aujourd\u2019hui, je ne sais pas si celui de mon mari sera ramen\u00e9.\u00a0\u00bb<\/p>\n<p><ins data-revive-zoneid=\"9\" data-revive-id=\"10111e19d28d19d031742ee3b0b33eb0\"\/> <\/p>\n<p>\u00ab\u00a0Dans ma famille, nous avons perdu Delphine (26 ans) et Rebecca (15 ans), leurs corps ne sont pas encore retrouv\u00e9s\u00a0\u00bb, s\u2019est lament\u00e9e leur s\u0153ur Shuturu Kayerani.<\/p>\n<p>\u2013 Gilets de sauvetage obligatoires \u2013<\/p>\n<p>Selon l\u2019administrateur du territoire de Kalehe, Muamba Cibwabwa, \u00ab\u00a0dix corps ont \u00e9t\u00e9 rep\u00each\u00e9s aujourd\u2019hui\u00a0\u00bb vers le village Wawa, situ\u00e9 sur une \u00eele de l\u2019autre c\u00f4t\u00e9 de la fronti\u00e8re rwandaise.<\/p>\n<p>La pirogue avait \u00e0 son bord \u00ab\u00a049 adultes et sept enfants\u00a0\u00bb, selon le \u00ab\u00a0manifeste\u00a0\u00bb (liste des passagers) \u00e9tabli par le commissaire fluvial de Kalehe, consult\u00e9 par l\u2019AFP. Mais ces listes omettent souvent des passagers clandestins.<\/p>\n<p>Le village Mukwidja, que le pr\u00e9sident Tshisekedi a rejoint par h\u00e9licopt\u00e8re, est situ\u00e9 dans les creux des collines au bord du lac Kivu, avec ses maisons en paille.<\/p>\n<p>Aux proches des victimes au chevet duquel il s\u2019est rendu, le pr\u00e9sident r\u00e9cemment \u00e9lu, a annonc\u00e9 avoir ordonn\u00e9 une enqu\u00eate \u00ab\u00a0pour faire la lumi\u00e8re sur ce drame qui a endeuill\u00e9 plus de 140 familles\u00a0\u00bb.<\/p>\n<p>Il a \u00e9galement d\u00e9cid\u00e9 du port obligatoire de gilets de sauvetage par les passagers voyageant sur le lac Kivu, souvent des paysans modestes, et remis mille gilets au gouverneur du Sud-Kivu.<\/p>\n<p>En RDC, les naufrages se soldent souvent par des bilans tr\u00e8s lourds en raison de la surcharge et de la v\u00e9tust\u00e9 des embarcations, de l\u2019absence de gilets de sauvetage \u00e0 bord et du fait que beaucoup de passagers ne savent pas nager.<\/p>\n<\/div>\n<p>Auteur: AFP<br \/>\n<a href=\"https:\/\/www.journalducameroun.com\/fr\/rdc-13-morts-114-disparus-dans-un-naufrage-dans-lest\/\">Cliquez ici pour lire l&rsquo;article depuis sa source.<\/a><\/p>\n","protected":false},"excerpt":{"rendered":"<p>Publi\u00e9 le 18.04.2019 \u00e0 19h50 par AFP Treize morts, 114 disparus, des rescap\u00e9s choqu\u00e9s et la s\u00e9curit\u00e9 en question: \u00e0 nouveau, un naufrage tragique sur le lac Kivu a endeuill\u00e9 cette r\u00e9gion de l\u2019est de la RD Congo o\u00f9 le pr\u00e9sident F\u00e9lix Tshisekedi est venu jeudi apporter r\u00e9confort aux familles. Apr\u00e8s quelques jours d\u2019incertitude, c\u2019est [&hellip;]<\/p>\n","protected":false},"author":1965,"featured_media":0,"comment_status":"closed","ping_status":"closed","sticky":false,"template":"","format":"standard","meta":{"fifu_image_url":"","fifu_image_alt":"","footnotes":""},"categories":[73,82],"tags":[],"class_list":["post-28675","post","type-post","status-publish","format-standard","hentry","category-actualite","category-cameroun"],"_links":{"self":[{"href":"https:\/\/linitiative.ca\/International\/wp-json\/wp\/v2\/posts\/28675","targetHints":{"allow":["GET"]}}],"collection":[{"href":"https:\/\/linitiative.ca\/International\/wp-json\/wp\/v2\/posts"}],"about":[{"href":"https:\/\/linitiative.ca\/International\/wp-json\/wp\/v2\/types\/post"}],"author":[{"embeddable":true,"href":"https:\/\/linitiative.ca\/International\/wp-json\/wp\/v2\/users\/1965"}],"replies":[{"embeddable":true,"href":"https:\/\/linitiative.ca\/International\/wp-json\/wp\/v2\/comments?post=28675"}],"version-history":[{"count":0,"href":"https:\/\/linitiative.ca\/International\/wp-json\/wp\/v2\/posts\/28675\/revisions"}],"wp:attachment":[{"href":"https:\/\/linitiative.ca\/International\/wp-json\/wp\/v2\/media?parent=28675"}],"wp:term":[{"taxonomy":"category","embeddable":true,"href":"https:\/\/linitiative.ca\/International\/wp-json\/wp\/v2\/categories?post=28675"},{"taxonomy":"post_tag","embeddable":true,"href":"https:\/\/linitiative.ca\/International\/wp-json\/wp\/v2\/tags?post=28675"}],"curies":[{"name":"wp","href":"https:\/\/api.w.org\/{rel}","templated":true}]}}