{"id":28676,"date":"2019-04-18T14:50:05","date_gmt":"2019-04-18T18:50:05","guid":{"rendered":"https:\/\/linitiative.ca\/International\/libye-le-ministere-de-linterieur-accuse-paris-de-soutenir-le-marechal-haftar\/"},"modified":"2019-04-18T14:50:05","modified_gmt":"2019-04-18T18:50:05","slug":"libye-le-ministere-de-linterieur-accuse-paris-de-soutenir-le-marechal-haftar","status":"publish","type":"post","link":"https:\/\/linitiative.ca\/International\/libye-le-ministere-de-linterieur-accuse-paris-de-soutenir-le-marechal-haftar\/","title":{"rendered":"Libye: le minist\u00e8re de l\u2019Int\u00e9rieur accuse Paris de soutenir le mar\u00e9chal Haftar"},"content":{"rendered":"<div readability=\"32\">\n<p>Publi\u00e9 le 18.04.2019 \u00e0 19h50 par AFP<\/p>\n<\/div>\n<div readability=\"85\">\n<p>Le minist\u00e8re de l\u2019Int\u00e9rieur du gouvernement d\u2019union nationale libyen (GNA) reconnu par la communaut\u00e9 internationale, a accus\u00e9 jeudi pour la premi\u00e8re fois directement la France de soutenir le mar\u00e9chal Khalifa Haftar dont les forces ont lanc\u00e9 un assaut contre la capitale Tripoli.<\/p>\n<p>Selon un communiqu\u00e9 publi\u00e9 par son service de presse, le ministre de l\u2019Int\u00e9rieur Fathi Bach Agha, a ordonn\u00e9 \u00ab\u00a0la suspension de tout lien entre (son) minist\u00e8re et la partie fran\u00e7aise dans le cadre des accords s\u00e9curitaires bilat\u00e9raux (\u2026) \u00e0 cause de la position du gouvernement fran\u00e7ais soutenant le criminel Haftar qui agit contre la l\u00e9gitimit\u00e9\u00a0\u00bb.<\/p>\n<p>Consid\u00e9r\u00e9e par des diplomates et des analystes comme l\u2019un des appuis du mar\u00e9chal Haftar, au m\u00eame titre que l\u2019Egypte ou les Emirats arabes unis, la France avait d\u00e9menti avoir soutenu son offensive contre Tripoli, si\u00e8ge du GNA.<\/p>\n<p>Le 8 avril, une source diplomatique fran\u00e7aise avait indiqu\u00e9 que Paris n\u2019avait aucun \u00ab\u00a0plan cach\u00e9\u00a0\u00bb pour mettre au pouvoir Haftar, auquel elle \u00ab\u00a0ne reconna\u00eetra aucune l\u00e9gitimit\u00e9\u00a0\u00bb s\u2019il prenait le contr\u00f4le de Tripoli par les armes.<\/p>\n<p>Mais des analystes et des pro-GNA accusent Paris de bloquer des r\u00e9solutions condamnant l\u2019offensive au Conseil de s\u00e9curit\u00e9 de l\u2019ONU ou \u00e0 l\u2019Union europ\u00e9enne.<\/p>\n<p>La France est accus\u00e9e de relayer la rh\u00e9torique de l\u2019Arm\u00e9e nationale libyenne (ANL, autoproclam\u00e9e) de M. Haftar, qui justifie son offensive par le fait qu\u2019elle cherche \u00e0 combattre les \u00ab\u00a0terroristes\u00a0\u00bb \u00e0 Tripoli, selon une source gouvernementale dans la capitale libyenne qui a requis l\u2019anonymat.<\/p>\n<p><ins data-revive-zoneid=\"9\" data-revive-id=\"10111e19d28d19d031742ee3b0b33eb0\"\/> <\/p>\n<p>Quelques dizaines de manifestants, dont plusieurs portant des gilets jaunes, ont d\u00e9nonc\u00e9 mardi \u00e0 Tripoli ce qu\u2019ils ont qualifi\u00e9 de \u00ab\u00a0soutien\u00a0\u00bb de la France au mar\u00e9chal Haftar.<\/p>\n<p>Les manifestants portaient les fameux gilets fluorescents en r\u00e9f\u00e9rence au mouvement fran\u00e7ais des \u00ab\u00a0gilets jaunes\u00a0\u00bb en fronde contre la politique fiscale et sociale du pr\u00e9sident fran\u00e7ais Emmanuel Macron.<\/p>\n<p>\u00ab\u00a0La France doit cesser de soutenir le rebelle Haftar en Libye\u00a0\u00bb, \u00ab\u00a0La France fournit des armes aux rebelles pour le p\u00e9trole\u00a0\u00bb, ont-il \u00e9crit en fran\u00e7ais sur des pancartes.<\/p>\n<p>Vendredi dernier, lors d\u2019une manifestation contre l\u2019attaque de Haftar, des slogans contre le gouvernement fran\u00e7ais avaient d\u00e9j\u00e0 fus\u00e9.<\/p>\n<\/div>\n<p>Auteur: AFP<br \/>\n<a href=\"https:\/\/www.journalducameroun.com\/fr\/libye-le-ministere-de-linterieur-accuse-paris-de-soutenir-le-marechal-haftar\/\">Cliquez ici pour lire l&rsquo;article depuis sa source.<\/a><\/p>\n","protected":false},"excerpt":{"rendered":"<p>Publi\u00e9 le 18.04.2019 \u00e0 19h50 par AFP Le minist\u00e8re de l\u2019Int\u00e9rieur du gouvernement d\u2019union nationale libyen (GNA) reconnu par la communaut\u00e9 internationale, a accus\u00e9 jeudi pour la premi\u00e8re fois directement la France de soutenir le mar\u00e9chal Khalifa Haftar dont les forces ont lanc\u00e9 un assaut contre la capitale Tripoli. Selon un communiqu\u00e9 publi\u00e9 par son [&hellip;]<\/p>\n","protected":false},"author":1965,"featured_media":0,"comment_status":"closed","ping_status":"closed","sticky":false,"template":"","format":"standard","meta":{"fifu_image_url":"","fifu_image_alt":"","footnotes":""},"categories":[73,82],"tags":[],"class_list":["post-28676","post","type-post","status-publish","format-standard","hentry","category-actualite","category-cameroun"],"_links":{"self":[{"href":"https:\/\/linitiative.ca\/International\/wp-json\/wp\/v2\/posts\/28676","targetHints":{"allow":["GET"]}}],"collection":[{"href":"https:\/\/linitiative.ca\/International\/wp-json\/wp\/v2\/posts"}],"about":[{"href":"https:\/\/linitiative.ca\/International\/wp-json\/wp\/v2\/types\/post"}],"author":[{"embeddable":true,"href":"https:\/\/linitiative.ca\/International\/wp-json\/wp\/v2\/users\/1965"}],"replies":[{"embeddable":true,"href":"https:\/\/linitiative.ca\/International\/wp-json\/wp\/v2\/comments?post=28676"}],"version-history":[{"count":0,"href":"https:\/\/linitiative.ca\/International\/wp-json\/wp\/v2\/posts\/28676\/revisions"}],"wp:attachment":[{"href":"https:\/\/linitiative.ca\/International\/wp-json\/wp\/v2\/media?parent=28676"}],"wp:term":[{"taxonomy":"category","embeddable":true,"href":"https:\/\/linitiative.ca\/International\/wp-json\/wp\/v2\/categories?post=28676"},{"taxonomy":"post_tag","embeddable":true,"href":"https:\/\/linitiative.ca\/International\/wp-json\/wp\/v2\/tags?post=28676"}],"curies":[{"name":"wp","href":"https:\/\/api.w.org\/{rel}","templated":true}]}}