{"id":28681,"date":"2019-04-18T16:18:04","date_gmt":"2019-04-18T20:18:04","guid":{"rendered":"https:\/\/linitiative.ca\/International\/nigeria-le-procureur-general-suspendu-pour-violation-du-code-de-conduite\/"},"modified":"2019-04-18T16:18:04","modified_gmt":"2019-04-18T20:18:04","slug":"nigeria-le-procureur-general-suspendu-pour-violation-du-code-de-conduite","status":"publish","type":"post","link":"https:\/\/linitiative.ca\/International\/nigeria-le-procureur-general-suspendu-pour-violation-du-code-de-conduite\/","title":{"rendered":"Nig\u00e9ria: le Procureur g\u00e9n\u00e9ral suspendu pour violation du Code de conduite"},"content":{"rendered":"<div readability=\"32\">\n<p>Publi\u00e9 le 18.04.2019 \u00e0 21h18 par APA News<\/p>\n<\/div>\n<div readability=\"48\">\n<p>Le tribunal de l\u2019\u00e9thique professionnelle du Nig\u00e9ria (CCT) a reconnu coupable, jeudi, le Procureur g\u00e9n\u00e9ral, Walter Onnoghen et l\u2019a suspendu pour 10 ans au cours desquels il ne pourra exercer aucune fonction publique.Le pr\u00e9sident du tribunal, M. Danladi Umar a d\u00e9clar\u00e9 qu\u2019Onnoghen est \u00a0coupable des six chefs d\u2019inculpation, dont fausse d\u00e9claration de patrimoine. Il a \u00e9galement demand\u00e9 qu\u2019Onnoghen soit d\u00e9mis de ses fonctions de Procureur g\u00e9n\u00e9ral et de pr\u00e9sident du Bureau de l\u2019\u00e9thique et de la d\u00e9ontologie (CCB).<\/p>\n<p>M. Danladi a conclu que le gouvernement f\u00e9d\u00e9ral a pr\u00e9sent\u00e9 suffisamment de preuves qu\u2019Onnoghen avait enfreint le Code de conduite de la fonction publique et que toutes les sommes trouv\u00e9es dans son compte seraient saisies et rendues au tr\u00e9sor f\u00e9d\u00e9ral.<\/p>\n<p><ins data-revive-zoneid=\"9\" data-revive-id=\"10111e19d28d19d031742ee3b0b33eb0\"\/> <\/p>\n<p>Onnoghen faisait l\u2019objet de poursuites suite \u00e0 une p\u00e9tition lanc\u00e9e contre lui par une organisation de la soci\u00e9t\u00e9 civile, l\u2019Initiative de lutte contre la corruption.<\/p>\n<\/div>\n<p>Auteur: APA News<br \/>\n<a href=\"https:\/\/www.journalducameroun.com\/fr\/nigeria-le-procureur-general-suspendu-pour-violation-du-code-de-conduite\/\">Cliquez ici pour lire l&rsquo;article depuis sa source.<\/a><\/p>\n","protected":false},"excerpt":{"rendered":"<p>Publi\u00e9 le 18.04.2019 \u00e0 21h18 par APA News Le tribunal de l\u2019\u00e9thique professionnelle du Nig\u00e9ria (CCT) a reconnu coupable, jeudi, le Procureur g\u00e9n\u00e9ral, Walter Onnoghen et l\u2019a suspendu pour 10 ans au cours desquels il ne pourra exercer aucune fonction publique.Le pr\u00e9sident du tribunal, M. Danladi Umar a d\u00e9clar\u00e9 qu\u2019Onnoghen est \u00a0coupable des six chefs [&hellip;]<\/p>\n","protected":false},"author":1965,"featured_media":0,"comment_status":"closed","ping_status":"closed","sticky":false,"template":"","format":"standard","meta":{"fifu_image_url":"","fifu_image_alt":"","footnotes":""},"categories":[73,82],"tags":[],"class_list":["post-28681","post","type-post","status-publish","format-standard","hentry","category-actualite","category-cameroun"],"_links":{"self":[{"href":"https:\/\/linitiative.ca\/International\/wp-json\/wp\/v2\/posts\/28681","targetHints":{"allow":["GET"]}}],"collection":[{"href":"https:\/\/linitiative.ca\/International\/wp-json\/wp\/v2\/posts"}],"about":[{"href":"https:\/\/linitiative.ca\/International\/wp-json\/wp\/v2\/types\/post"}],"author":[{"embeddable":true,"href":"https:\/\/linitiative.ca\/International\/wp-json\/wp\/v2\/users\/1965"}],"replies":[{"embeddable":true,"href":"https:\/\/linitiative.ca\/International\/wp-json\/wp\/v2\/comments?post=28681"}],"version-history":[{"count":0,"href":"https:\/\/linitiative.ca\/International\/wp-json\/wp\/v2\/posts\/28681\/revisions"}],"wp:attachment":[{"href":"https:\/\/linitiative.ca\/International\/wp-json\/wp\/v2\/media?parent=28681"}],"wp:term":[{"taxonomy":"category","embeddable":true,"href":"https:\/\/linitiative.ca\/International\/wp-json\/wp\/v2\/categories?post=28681"},{"taxonomy":"post_tag","embeddable":true,"href":"https:\/\/linitiative.ca\/International\/wp-json\/wp\/v2\/tags?post=28681"}],"curies":[{"name":"wp","href":"https:\/\/api.w.org\/{rel}","templated":true}]}}