{"id":28706,"date":"2019-04-18T09:38:20","date_gmt":"2019-04-18T13:38:20","guid":{"rendered":"https:\/\/linitiative.ca\/International\/per-cemac-lafrique-centrale-sollicite-laide-de-la-banque-mondiale\/"},"modified":"2019-04-18T09:38:20","modified_gmt":"2019-04-18T13:38:20","slug":"per-cemac-lafrique-centrale-sollicite-laide-de-la-banque-mondiale","status":"publish","type":"post","link":"https:\/\/linitiative.ca\/International\/per-cemac-lafrique-centrale-sollicite-laide-de-la-banque-mondiale\/","title":{"rendered":"PER Cemac: l\u2019Afrique centrale sollicite l\u2019aide de la Banque mondiale"},"content":{"rendered":"<p>Apr\u00e8s avoir particip\u00e9 \u00e0 la session du Comit\u00e9 de pilotage du Programme de r\u00e9forme \u00e9conomique de la Communaut\u00e9 des Etats de l\u2019Afrique centrale (<strong>Pref Cemac)<\/strong> \u00e0 Douala, le pr\u00e9sident de la <strong>Commission de la Cemac<\/strong> s\u2019est rendu \u00e0 <strong>Washington aux Etats-Unis<\/strong>, o\u00f9 se tenaient les assembl\u00e9es du printemps annuelles entre le Fonds mon\u00e9taire international (<strong>Fmi<\/strong>) et la Banque mondiale (<strong>BM<\/strong>).\u00a0 En marge de cette grande rencontre de ces deux partenaires financiers internationaux, <strong>Daniel Ona Ondo<\/strong> a rencontr\u00e9 <strong>Jean-Claude Tchatchouang<\/strong>, l\u2019administrateur du <strong>Groupe Afrique II<\/strong> de la Banque mondiale.<\/p>\n<p>Sur la table des discussions entre les deux hommes, figurait le sujet sur l\u2019int\u00e9gration \u00e9conomique en Afrique centrale. Le pr\u00e9sident de la Commission de la Cemac a fait un plaidoyer en faveur d\u2019un appui de la Banque mondiale dans les domaines sp\u00e9cifiques des \u00e9changes commerciaux intra-communautaires et dans la r\u00e9alisation des infrastructures: \u00ab <em>Nos besoins sont \u00e9normes et nous avons envie de r\u00e9aliser des actions palpables. Pour cela, vous devez nous aider \u00e0 asseoir l\u2019int\u00e9gration r\u00e9gionale<\/em> \u00bb, a-t-il affirm\u00e9.<\/p>\n<p>L\u2019autre plaidoyer, un \u00ab\u00a0<em>appel n\u00e9cessaire<\/em>\u00a0\u00bb, selon Daniel Ona Ondo, portait sur les ressources humaines communautaires et l\u2019ex\u00e9cution du Programme \u00e9conomique r\u00e9gional de la Cemac : \u00ab <em>Nous avons besoin des partenaires qui nous accompagnent et nous souhaitons vivement que la Banque mondiale nous assiste, aussi bien pour renforcer les capacit\u00e9s de nos ressources humaines que pour financer les projets contenus dans le Programme \u00e9conomique r\u00e9gional<\/em> \u00bb. Le <strong>Per Cemac<\/strong> se d\u00e9cline en <strong>5 axes, 12 objectifs strat\u00e9giques, 29 programmes et 86 projets<\/strong>. Il r\u00e9git le d\u00e9veloppement \u00e9conomique de la zone Cemac dans son ensemble et pr\u00e9sente un agenda d\u2019\u00e9mergence r\u00e9parti en trois phases quinquennales entre 2010 et 2025\u00a0 pour la r\u00e9alisation de la vision 2025 de la Cemac.<\/p>\n<p>La phase 2010-2015 consiste en la construction des fondements institutionnels de l\u2019\u00e9mergence. La phase 2016-2020 vise \u00ab <em>l\u2019ancrage des piliers de la diversification \u00e9conomique de la Communaut\u00e9. La phase 2021-2025 a pour but de consolider les phases pr\u00e9c\u00e9dentes\u00a0<\/em>\u00bb. En d\u2019autres termes, le PER permet, d\u2019une part, d\u2019assurer une bonne articulation entre l\u2019agenda de la Cemac, de ses Etats membres et le secteur priv\u00e9, et celui des partenaires au d\u00e9veloppement de la Communaut\u00e9 et, d\u2019autre part, fournit des possibilit\u00e9s de compl\u00e9mentarit\u00e9 entre les interventions des diff\u00e9rents bailleurs de fonds au niveau de la Communaut\u00e9.<\/p>\n<p>La Banque mondiale, \u00e0 en croire\u00a0 Jean-Claude Tchatchouang, est dispos\u00e9e \u00e0 accompagner la Cemac. L\u2019institution financi\u00e8re de <strong>Bretton Woods<\/strong> envisage d\u2019ailleurs accro\u00eetre sa collaboration avec les organisations r\u00e9gionales par un appui des futurs programmes du PER. Pour ce faire, l\u2019administrateur du Groupe Afrique II de la Banque mondiale pose quelques pr\u00e9alables: une feuille de route claire des besoins r\u00e9gionaux, le pragmatisme dans les actions et un catalogue pr\u00e9cis des projets int\u00e9grateurs \u00e0 soumettre \u00e0 la prochaine r\u00e9union technique \u00e0 laquelle assistera le Vice-gouverneur de la Banque mondiale. Daniel Ona Ondo ne rentrera heureusement pas bredouille de Washington. Il obtiendra la promesse de la mise en place par la Banque mondiale\u00a0 d\u2019une \u00e9quipe sp\u00e9ciale d\u00e9di\u00e9e \u00e0 la Cemac. Attendue dans les prochaines semaines, la nomination du chef de cette \u00e9quipe.<\/p>\n<div class=\"about-author about-author-box container-wrapper\">\n<div class=\"author-avatar\">\n<p><img decoding=\"async\" src=\"http:\/\/\" alt=\"\"\/><\/p>\n<\/div>\n<p><h4>La R\u00e9daction EcoMatin<\/h4>\n<\/p>\n<\/div>\n<div class=\"awac-wrapper awac widget blog_subscription-2\">\n<h4 class=\"widget-title\">Abonnez-vous \u00e0 notre lettre d&rsquo;information<\/h4>\n<\/div>\n<p>Auteur: EcoMatin<br \/>\n<a href=\"https:\/\/ecomatin.net\/per-cemac-lafrique-centrale-sollicite-laide-de-la-banque-mondiale\/\">Cliquez ici pour lire l&rsquo;article depuis sa source.<\/a><\/p>\n","protected":false},"excerpt":{"rendered":"<p>Apr\u00e8s avoir particip\u00e9 \u00e0 la session du Comit\u00e9 de pilotage du Programme de r\u00e9forme \u00e9conomique de la Communaut\u00e9 des Etats de l\u2019Afrique centrale (Pref Cemac) \u00e0 Douala, le pr\u00e9sident de la Commission de la Cemac s\u2019est rendu \u00e0 Washington aux Etats-Unis, o\u00f9 se tenaient les assembl\u00e9es du printemps annuelles entre le Fonds mon\u00e9taire international (Fmi) [&hellip;]<\/p>\n","protected":false},"author":1969,"featured_media":0,"comment_status":"closed","ping_status":"closed","sticky":false,"template":"","format":"standard","meta":{"fifu_image_url":"","fifu_image_alt":"","footnotes":""},"categories":[82,78],"tags":[],"class_list":["post-28706","post","type-post","status-publish","format-standard","hentry","category-cameroun","category-economie"],"_links":{"self":[{"href":"https:\/\/linitiative.ca\/International\/wp-json\/wp\/v2\/posts\/28706","targetHints":{"allow":["GET"]}}],"collection":[{"href":"https:\/\/linitiative.ca\/International\/wp-json\/wp\/v2\/posts"}],"about":[{"href":"https:\/\/linitiative.ca\/International\/wp-json\/wp\/v2\/types\/post"}],"author":[{"embeddable":true,"href":"https:\/\/linitiative.ca\/International\/wp-json\/wp\/v2\/users\/1969"}],"replies":[{"embeddable":true,"href":"https:\/\/linitiative.ca\/International\/wp-json\/wp\/v2\/comments?post=28706"}],"version-history":[{"count":0,"href":"https:\/\/linitiative.ca\/International\/wp-json\/wp\/v2\/posts\/28706\/revisions"}],"wp:attachment":[{"href":"https:\/\/linitiative.ca\/International\/wp-json\/wp\/v2\/media?parent=28706"}],"wp:term":[{"taxonomy":"category","embeddable":true,"href":"https:\/\/linitiative.ca\/International\/wp-json\/wp\/v2\/categories?post=28706"},{"taxonomy":"post_tag","embeddable":true,"href":"https:\/\/linitiative.ca\/International\/wp-json\/wp\/v2\/tags?post=28706"}],"curies":[{"name":"wp","href":"https:\/\/api.w.org\/{rel}","templated":true}]}}